{"id":496,"date":"2020-10-22T14:56:00","date_gmt":"2020-10-22T11:56:00","guid":{"rendered":"https:\/\/tarihkursu.com\/index.php\/2020\/10\/22\/iki-dunya-savasi-arasindaki-donemde-dunyada-meydana-gelen-sosyokulturel-olaylar-ve-bilimsel-gelismeler\/"},"modified":"2020-10-22T14:56:00","modified_gmt":"2020-10-22T11:56:00","slug":"iki-dunya-savasi-arasindaki-donemde-dunyada-meydana-gelen-sosyokulturel-olaylar-ve-bilimsel-gelismeler","status":"publish","type":"post","link":"https:\/\/tarihkursu.com\/index.php\/2020\/10\/22\/iki-dunya-savasi-arasindaki-donemde-dunyada-meydana-gelen-sosyokulturel-olaylar-ve-bilimsel-gelismeler\/","title":{"rendered":"\u0130K\u0130 D\u00dcNYA SAVA\u015eI ARASINDAK\u0130 D\u00d6NEMDE D\u00dcNYADA MEYDANA GELEN SOSYOK\u00dcLT\u00dcREL OLAYLAR VE B\u0130L\u0130MSEL GEL\u0130\u015eMELER"},"content":{"rendered":"<p><span style=\"font-size: large;\">&nbsp;<\/span><\/p>\n<div style=\"clear: both; text-align: center;\"><a href=\"https:\/\/blogger.googleusercontent.com\/img\/b\/R29vZ2xl\/AVvXsEhFup7NmNDUnKTO6u8P2BfW2rkq7i9t_yNYsoel-rT_gAv7Y7M_vGlEDfCXJHbSPKnKBOKHGQnWsQ89r1bti129so0Cwp9aIIM1gc6Kogkb1aLYVfYj9fTBjepdy9nTjP41VIxIEJZJ0oGF\/s960\/DERS+NOTLARI+YEN%25C4%25B0.jpg\" style=\"margin-left: 1em; margin-right: 1em;\"><span style=\"font-size: large;\"><img loading=\"lazy\" decoding=\"async\" border=\"0\" data-original-height=\"540\" data-original-width=\"960\" height=\"292\" src=\"https:\/\/blogger.googleusercontent.com\/img\/b\/R29vZ2xl\/AVvXsEhFup7NmNDUnKTO6u8P2BfW2rkq7i9t_yNYsoel-rT_gAv7Y7M_vGlEDfCXJHbSPKnKBOKHGQnWsQ89r1bti129so0Cwp9aIIM1gc6Kogkb1aLYVfYj9fTBjepdy9nTjP41VIxIEJZJ0oGF\/w519-h292\/DERS+NOTLARI+YEN%25C4%25B0.jpg\" width=\"519\" \/><\/span><\/a><\/div>\n<div style=\"clear: both; text-align: center;\"><span style=\"font-size: large;\"><br \/><\/span><\/div>\n<div style=\"clear: both; text-align: left;\"><span style=\"font-size: large;\">Tarih ders notlar\u0131, yks tarih ders notlar\u0131, ayt tarih ders notlar\u0131, tyt tarih ders notlar\u0131, tarih \u00f6zet, tarih 9 ders notlar\u0131, tarih 10 ders notlar\u0131, tarih 11 ders notlar\u0131, ink\u0131lap tarihi ders notlar\u0131, \u00e7a\u011fda\u015f T\u00fcrk ve d\u00fcnya tarihi ders notlar\u0131, g\u00fcncel tarih ders notlar\u0131, \u00f6zet konu anlat\u0131m, k\u0131sa tarih, yeni kitaba g\u00f6re haz\u0131rlanm\u0131\u015f ders notlar\u0131, yeni m\u00fcfredat tarih , tarih pdf<\/span><\/div>\n<div style=\"clear: both; text-align: left;\"><span style=\"font-size: large;\"><br \/><\/span><\/div>\n<div style=\"clear: both; text-align: left;\"><span style=\"font-size: large;\">1. \u00dcN\u0130TE \u0130K\u0130 K\u00dcRESEL SAVA\u015e ARASINDA D\u00dcNYA<\/span><\/div>\n<div style=\"clear: both; text-align: left;\"><span style=\"font-size: large;\"><b style=\"background-color: #fcff01;\"><br \/><\/b><\/span><\/div>\n<div style=\"clear: both; text-align: left;\"><span style=\"font-size: large;\"><b style=\"background-color: #fcff01;\">\u0130K\u0130 D\u00dcNYA SAVA\u015eI ARASINDAK\u0130 D\u00d6NEMDE D\u00dcNYADA MEYDANA GELEN SOSYOK\u00dcLT\u00dcREL OLAYLAR VE B\u0130L\u0130MSEL GEL\u0130\u015eMELER<br \/>\n<ins\n     style=\"display:block; text-align:center;\"\n     data-ad-layout=\"in-article\"\n     data-ad-format=\"fluid\"\n     data-ad-client=\"ca-pub-8292832365502904\"\n     data-ad-slot=\"4993116891\"><\/ins><br \/>\n<\/b><\/span><\/div>\n<div style=\"clear: both; text-align: left;\"><span style=\"font-size: large;\"><br \/><\/span><\/div>\n<\/p>\n<div style=\"clear: both;\"><span style=\"font-size: large;\">&#8211; I. D\u00fcnya Sava\u015f\u0131\u2019n\u0131n meydana getirdi\u011fi y\u0131k\u0131m sonras\u0131nda Bat\u0131 d\u00fcnyas\u0131nda d\u00fc\u015f\u00fcnce alan\u0131nda meydana gelen de\u011fi\u015fim; k\u00fclt\u00fcr, bilim, sanat gibi alanlarda yeniliklerin kayna\u011f\u0131n\u0131 olu\u015fturdu.<\/span><\/div>\n<div style=\"clear: both;\">\n<div style=\"clear: both;\"><span style=\"font-size: large;\">&#8211; Yeni yakla\u015f\u0131mlarda g\u00fc\u00e7lenen totaliter anlay\u0131\u015flar\u0131n yan\u0131nda sava\u015f kar\u015f\u0131tl\u0131\u011f\u0131n\u0131n ve liberal d\u00fc\u015f\u00fcncelerin a\u011f\u0131rl\u0131k kazand\u0131\u011f\u0131 g\u00f6r\u00fcld\u00fc.<\/span><\/div>\n<div style=\"clear: both;\"><span style=\"font-size: large;\">&#8211; Bu d\u00f6nemde baz\u0131 isimler ve eserleri \u00f6n plana \u00e7\u0131kt\u0131.<\/span><\/div>\n<div style=\"clear: both;\"><span style=\"font-size: large;\"><br \/><\/span><\/div>\n<div>\n<div><span style=\"font-size: large;\"><b style=\"background-color: #fcff01;\">Pablo Picasso (Pablo Pikasso) (1881-1973)<\/b><\/span><\/div>\n<\/div>\n<div>\n<div><span style=\"font-size: large;\">&#8211; Picasso, 20. y\u00fczy\u0131l\u0131n en \u00f6nemli ressam ve heykelt\u0131ra\u015flar\u0131ndand\u0131r.<\/span><\/div>\n<div><span style=\"font-size: large;\">K\u00fcbizm ak\u0131m\u0131n\u0131n kurucular\u0131ndand\u0131r.<\/span><\/div>\n<div><span style=\"font-size: large;\">K\u00fcbizm nedir k\u0131saca s\u00f6yleyecek olursak, varl\u0131klar\u0131n d\u0131\u015f g\u00f6r\u00fcn\u00fcmlerinin yan\u0131 s\u0131ra i\u00e7 d\u00fcnyalar\u0131n\u0131 da yans\u0131tmay\u0131 hedefleyen bir sanat ak\u0131m\u0131d\u0131r.<\/span><\/div>\n<div><span style=\"font-size: large;\">&#8211; En tan\u0131nm\u0131\u015f eseri Guernica (Guernika) d\u0131r.<\/span><\/div>\n<\/div>\n<div><span style=\"font-size: large;\"><br \/><\/span><\/div>\n<div>\n<div><span style=\"font-size: large;\"><b style=\"background-color: #fcff01;\"><br \/>\n<ins\n     style=\"display:block; text-align:center;\"\n     data-ad-layout=\"in-article\"\n     data-ad-format=\"fluid\"\n     data-ad-client=\"ca-pub-8292832365502904\"\n     data-ad-slot=\"4993116891\"><\/ins><br \/>\nJohn Ernst Steinbeck (Con \u00d6rnst \u015e\u0131taynbek)<\/b><\/span><\/div>\n<\/div>\n<div><span style=\"font-size: large;\">&#8211; Kaliforniya\u2019da do\u011fan Steinbeck, Stanford \u00dcniversitesinden&nbsp;<\/span><\/div>\n<div>\n<div><span style=\"font-size: large;\">mezun dahi olamayacak kadar ba\u015far\u0131s\u0131z bir e\u011fitim hayat\u0131 ge\u00e7irmi\u015ftir.<\/span><\/div>\n<div><span style=\"font-size: large;\">&#8211; \u0130\u015f\u00e7i olarak \u00e7al\u0131\u015ft\u0131\u011f\u0131 d\u00f6nemde hayata dair edindi\u011fi bilgi ve tecr\u00fcbelerini romanlar\u0131na uyarlam\u0131\u015ft\u0131r.<\/span><\/div>\n<div><span style=\"font-size: large;\">Steinbeck\u2019in en \u00f6nemli roman\u0131 \u201cGazap \u00dcz\u00fcmleri\u201ddir.<\/span><\/div>\n<div><span style=\"font-size: large;\">Gazap \u00dcz\u00fcmleri, Amerika&#8217;ya b\u00fcy\u00fck hasarlar veren B\u00fcy\u00fck Ekonomik Buhran d\u00f6neminde ge\u00e7en bir hikayeye odaklan\u0131r.<\/span><\/div>\n<div><span style=\"font-size: large;\">1962\u2019de Nobel Edebiyat \u00d6d\u00fcl\u00fc\u2019n\u00fc alan yazar\u0131n bir\u00e7ok eseri<\/span><\/div>\n<div><span style=\"font-size: large;\">&nbsp;beyaz perdeye uyarlanm\u0131\u015ft\u0131r.<\/span><\/div>\n<\/div>\n<div><span style=\"font-size: large;\"><br \/><\/span><\/div>\n<div>\n<div><span style=\"font-size: large;\"><b style=\"background-color: #fcff01;\">Albert Einstein (Alb\u0131rt Ayn\u015ftayn) (1879-1955) \u0130zafiyet Teorisi<\/b><\/span><\/div>\n<\/div>\n<div>\n<div><span style=\"font-size: large;\">&#8211; Almanya as\u0131ll\u0131 ABD\u2019li bilim insan\u0131d\u0131r.<\/span><\/div>\n<div><span style=\"font-size: large;\">&#8211; Fizik alan\u0131nda ortaya koydu\u011fu kuramlar ile bilim tarihini de\u011fi\u015ftiren Einstein, insanl\u0131k tarihinin g\u00f6rd\u00fc\u011f\u00fc en \u00f6nemli bilim insanlar\u0131ndand\u0131r.<\/span><\/div>\n<div><span style=\"font-size: large;\">&#8211; Newton (Nivt\u0131n) Fizi\u011fi\u2019ne alternatif olarak geli\u015ftirdi\u011fi G\u00f6relilik Kuram\u0131 (\u0130zafiyet Teorisi) ile bilim ve felsefenin farkl\u0131 yorumlanmas\u0131n\u0131 sa\u011flam\u0131\u015ft\u0131r.<\/span><\/div>\n<\/div>\n<div><span style=\"font-size: large;\"><br \/><\/span><\/div>\n<div>\n<div><span style=\"font-size: large;\"><b style=\"background-color: #fcff01;\"><br \/>\n<ins\n     style=\"display:block; text-align:center;\"\n     data-ad-layout=\"in-article\"\n     data-ad-format=\"fluid\"\n     data-ad-client=\"ca-pub-8292832365502904\"\n     data-ad-slot=\"4993116891\"><\/ins><br \/>\nBilimsel ve Teknolojik Geli\u015fmelerin Asker\u00ee Alana, Mimariye ve Sa\u011fl\u0131k Alan\u0131na Etkisi<\/b><\/span><\/div>\n<\/div>\n<div>\n<div><span style=\"font-size: large;\">&#8211; \u0130ki d\u00fcnya sava\u015f\u0131 aras\u0131ndaki d\u00f6nemde bilim ve teknolojideki geli\u015fmeler asker\u00ee alanda yo\u011fun bir \u015fekilde uyguland\u0131.<\/span><\/div>\n<div><span style=\"font-size: large;\">&#8211; \u00c7ok say\u0131da a\u011f\u0131r makineli t\u00fcfek ve topla y\u00fckl\u00fc, pilot mahalli, z\u0131rhl\u0131, delinmez yak\u0131t tanklar\u0131 olan tek y\u00fczeyli u\u00e7aklar\u0131 ortaya \u00e7\u0131kard\u0131.<\/span><\/div>\n<div><span style=\"font-size: large;\">&#8211; Tanklar\u0131n z\u0131rh\u0131n\u0131 ve motorlar\u0131n\u0131 daha da g\u00fc\u00e7lendirmeye y\u00f6nelik \u00e7al\u0131\u015fmalar yap\u0131ld\u0131.<\/span><\/div>\n<div><span style=\"font-size: large;\">&#8211; Bu silah sistemleri elektrikli haberle\u015fmede meydana gelen de\u011fi\u015fikliklerden, radarlar ve geli\u015ftirilmi\u015f telsiz donan\u0131mlar\u0131ndan etkilenmeye ba\u015flad\u0131.<\/span><\/div>\n<\/div>\n<div><span style=\"font-size: large;\"><br \/><\/span><\/div>\n<div>\n<div><span style=\"font-size: large;\"><b style=\"background-color: #fcff01;\">Mimari Alanda Ya\u015fanan Geli\u015fmeler<\/b><\/span><\/div>\n<\/div>\n<div>\n<div><span style=\"font-size: large;\">Mimari alanda Art Deco (Art Deko),&nbsp;<\/span><\/div>\n<div><span style=\"font-size: large;\">bu d\u00f6nemde ortaya \u00e7\u0131km\u0131\u015f bir sanat ak\u0131m\u0131yd\u0131.<\/span><\/div>\n<div><span style=\"font-size: large;\">&#8211; Mimar Walter Gropius\u201f\u0131n [Valt\u0131r Gropi\u0131s (1883-1969)] Almanya\u2019da 1919\u2019da kurdu\u011fu tasar\u0131m okulu \u00f6nemlidir.<\/span><\/div>\n<div><span style=\"font-size: large;\">&#8211; Avrupa ve ABD\u2019de Bauhaus anlay\u0131\u015f\u0131 ve \u00f6\u011fretim y\u00f6ntemi yayg\u0131nla\u015fm\u0131\u015ft\u0131r.<\/span><\/div>\n<div><span style=\"font-size: large;\">&#8211; 1931\u2019de New York\u2019ta in\u015fa edilen 102 katl\u0131 \u00e7elik iskelet yap\u0131 olan Empire State (Empayr S\u0131teyt) binas\u0131, 1954\u2019e kadar d\u00fcnyan\u0131n en y\u00fcksek yap\u0131s\u0131 olarak ABD\u2019nin y\u00fckselen g\u00fcc\u00fcn\u00fcn simgesi oldu.<\/span><\/div>\n<\/div>\n<div><span style=\"font-size: large;\"><br \/><\/span><\/div>\n<div><span style=\"font-size: large;\"><b style=\"background-color: #fcff01;\"><br \/><\/b><\/span><\/div>\n<div>\n<div><span style=\"font-size: large;\"><b style=\"background-color: #fcff01;\">Sanayi Devrimi ile \u00f6nemi artan propaganda sekt\u00f6r\u00fc<\/b><\/span><\/div>\n<\/div>\n<div>\n<div><span style=\"font-size: large;\">&#8211; 19. y\u00fczy\u0131l\u0131n sonuna yakla\u015f\u0131ld\u0131\u011f\u0131nda teknolojinin geli\u015fmesi ile toplumlar\u0131 etkileyen b\u00fcy\u00fck bir g\u00fcce ula\u015ft\u0131.<\/span><\/div>\n<div><span style=\"font-size: large;\">&#8211; Propaganda; kitle ileti\u015fim ara\u00e7lar\u0131, e\u011fitim, halkla ili\u015fkiler, beyin y\u0131kama ve kontrol\u00fc, reklamc\u0131l\u0131k, psikolojik sava\u015f gibi ara\u00e7 ve y\u00f6ntemler kullan\u0131larak yap\u0131ld\u0131.<\/span><\/div>\n<div><span style=\"font-size: large;\">&#8211; Radyo ve sinema sekt\u00f6r\u00fcn\u00fcn bundaki pay\u0131 \u00e7ok b\u00fcy\u00fck oldu.<\/span><\/div>\n<\/div>\n<div><span style=\"font-size: large;\"><br \/><\/span><\/div>\n<div>\n<div><span style=\"background-color: #fcff01; font-size: large;\"><b>Sinema<\/b><\/span><\/div>\n<\/div>\n<div>\n<div><span style=\"font-size: large;\">&#8211; Sinema, h\u00fck\u00fbmetler taraf\u0131ndan siyasal, sosyal ve dinsel bask\u0131 gruplar\u0131n\u0131n denetiminde kendi propagandalar\u0131n\u0131 ger\u00e7ekle\u015ftirmek i\u00e7in kullan\u0131ld\u0131.<\/span><\/div>\n<div><span style=\"font-size: large;\">&#8211; \u0130nsan topluluklar\u0131n\u0131 y\u00f6nlendirmek ve bir ideolojiye ba\u011flamak maksad\u0131yla \u00e7ekilmi\u015f sinema filmleri propagandan\u0131n en ideal arac\u0131 h\u00e2line geldi.<\/span><\/div>\n<\/div>\n<div>\n<div><span style=\"font-size: large;\"><br \/><\/span><\/div>\n<div><span style=\"font-size: large;\">I. D\u00fcnya Sava\u015f\u0131\u2019ndan sonra Amerikan sinemas\u0131 uluslararas\u0131 film \u00fcretimine egemen oldu.&nbsp;<\/span><\/div>\n<div><span style=\"font-size: large;\">\u201c\u015earlo\u201d karakteriyle \u015f\u00f6hret olan Charlie Chaplin Modern Zamanlar (1936) ve B\u00fcy\u00fck Diktat\u00f6r (1940) adl\u0131 filmlerde rol ald\u0131.<\/span><\/div>\n<div><span style=\"font-size: large;\">Chaplin, B\u00fcy\u00fck Diktat\u00f6r adl\u0131 sinema filminde Nazizmi ve Adolf Hitler\u2019i sert bir \u015fekilde ele\u015ftirdi.<\/span><\/div>\n<\/div>\n<div><span style=\"font-size: large;\"><br \/><\/span><\/div>\n<div><span style=\"font-size: large;\"><br \/><\/span><\/div>\n<div>\n<div><span style=\"font-size: large;\"><b style=\"background-color: #fcff01;\"><br \/>\n<ins\n     style=\"display:block; text-align:center;\"\n     data-ad-layout=\"in-article\"\n     data-ad-format=\"fluid\"\n     data-ad-client=\"ca-pub-8292832365502904\"\n     data-ad-slot=\"4993116891\"><\/ins><br \/>\nRadyo<\/b><\/span><\/div>\n<\/div>\n<div>\n<div><span style=\"font-size: large;\">&#8211; Hitler \u201cKavgam\u201d kitab\u0131nda, kullanmas\u0131n\u0131 bilenlerin elinde radyonun korkun\u00e7 bir silah olaca\u011f\u0131n\u0131 belirtiyordu.<\/span><\/div>\n<div><span style=\"font-size: large;\">&#8211; 1933\u2019te se\u00e7imler Nazilerin ba\u015far\u0131s\u0131yla sonu\u00e7lan\u0131nca Propaganda Bakan\u0131 Joseph Goebbels [Joz\u0131f Gobels] radyolarda b\u00fcy\u00fck bir tasfiye hareketine giri\u015fti.<\/span><\/div>\n<div><span style=\"font-size: large;\">&#8211; Programlar yeniden d\u00fczenlendi ve h\u00fck\u00fbmetin \u00e7al\u0131\u015fmalar\u0131n\u0131 yans\u0131tan yay\u0131nlara \u00f6ncelik verildi<\/span><\/div>\n<\/div>\n<div>\n<div><span style=\"font-size: large;\">&#8211; M\u00fczik yay\u0131nlar\u0131nda asker\u00ee mar\u015flar\u0131n yan\u0131 s\u0131ra Alman bestecilerin yap\u0131tlar\u0131 a\u011f\u0131rl\u0131k kazand\u0131.<\/span><\/div>\n<div><span style=\"font-size: large;\">&#8211; Alman \u0131rk\u0131n\u0131n \u00fcst\u00fcnl\u00fc\u011f\u00fcn\u00fc belirten konu\u015fmalar\u0131n yay\u0131n\u0131na ba\u015fland\u0131.<\/span><\/div>\n<div><span style=\"font-size: large;\">&#8211; Hitler\u2019in liderli\u011finde geli\u015fen Nasyonal Sosyalist Parti (Nazi Partisi) ise \u201cEn b\u00fcy\u00fck Almanya\u201d parolas\u0131n\u0131 tekrarlayan propagandas\u0131 ile \u00f6nce iktidar\u0131 ele ge\u00e7irdi, daha sonra d\u00fcnyay\u0131 II. D\u00fcnya Sava\u015f\u0131\u2019na s\u00fcr\u00fckledi.<\/span><\/div>\n<\/div>\n<div><span style=\"font-size: large;\"><br \/><\/span><\/div>\n<\/div>\n<p><\/p>\n","protected":false},"excerpt":{"rendered":"<div class=\"mh-excerpt\"><p>&nbsp; Tarih ders notlar\u0131, yks tarih ders notlar\u0131, ayt tarih ders notlar\u0131, tyt tarih ders notlar\u0131, tarih \u00f6zet, tarih 9 ders notlar\u0131, tarih 10 ders <a class=\"mh-excerpt-more\" href=\"https:\/\/tarihkursu.com\/index.php\/2020\/10\/22\/iki-dunya-savasi-arasindaki-donemde-dunyada-meydana-gelen-sosyokulturel-olaylar-ve-bilimsel-gelismeler\/\" title=\"\u0130K\u0130 D\u00dcNYA SAVA\u015eI ARASINDAK\u0130 D\u00d6NEMDE D\u00dcNYADA MEYDANA GELEN SOSYOK\u00dcLT\u00dcREL OLAYLAR VE B\u0130L\u0130MSEL GEL\u0130\u015eMELER\">[&#8230;]<\/a><\/p>\n<\/div>","protected":false},"author":2,"featured_media":0,"comment_status":"open","ping_status":"open","sticky":false,"template":"","format":"standard","meta":{"_regular_price":[],"currency_symbol":[],"footnotes":""},"categories":[58,62,41],"tags":[],"class_list":["post-496","post","type-post","status-publish","format-standard","hentry","category-ders-notlari","category-konu-ozetleri","category-tarih-ozet"],"post_slider_layout_featured_media_urls":{"thumbnail":"","post_slider_layout_landscape_large":"","post_slider_layout_portrait_large":"","post_slider_layout_square_large":"","post_slider_layout_landscape":"","post_slider_layout_portrait":"","post_slider_layout_square":"","full":""},"yoast_head":"<!-- This site is optimized with the Yoast SEO plugin v27.5 - https:\/\/yoast.com\/product\/yoast-seo-wordpress\/ -->\n<title>\u0130K\u0130 D\u00dcNYA SAVA\u015eI ARASINDAK\u0130 D\u00d6NEMDE D\u00dcNYADA MEYDANA GELEN SOSYOK\u00dcLT\u00dcREL OLAYLAR VE B\u0130L\u0130MSEL GEL\u0130\u015eMELER - tarihkursu.com<\/title>\n<meta name=\"robots\" content=\"index, follow, max-snippet:-1, max-image-preview:large, max-video-preview:-1\" \/>\n<link rel=\"canonical\" href=\"https:\/\/tarihkursu.com\/index.php\/2020\/10\/22\/iki-dunya-savasi-arasindaki-donemde-dunyada-meydana-gelen-sosyokulturel-olaylar-ve-bilimsel-gelismeler\/\" \/>\n<meta property=\"og:locale\" content=\"tr_TR\" \/>\n<meta property=\"og:type\" content=\"article\" \/>\n<meta property=\"og:title\" content=\"\u0130K\u0130 D\u00dcNYA SAVA\u015eI ARASINDAK\u0130 D\u00d6NEMDE D\u00dcNYADA MEYDANA GELEN SOSYOK\u00dcLT\u00dcREL OLAYLAR VE B\u0130L\u0130MSEL GEL\u0130\u015eMELER - tarihkursu.com\" \/>\n<meta property=\"og:description\" content=\"&nbsp; Tarih ders notlar\u0131, yks tarih ders notlar\u0131, ayt tarih ders notlar\u0131, tyt tarih ders notlar\u0131, tarih \u00f6zet, tarih 9 ders notlar\u0131, tarih 10 ders [...]\" \/>\n<meta property=\"og:url\" content=\"https:\/\/tarihkursu.com\/index.php\/2020\/10\/22\/iki-dunya-savasi-arasindaki-donemde-dunyada-meydana-gelen-sosyokulturel-olaylar-ve-bilimsel-gelismeler\/\" \/>\n<meta property=\"og:site_name\" content=\"tarihkursu.com\" \/>\n<meta property=\"article:published_time\" content=\"2020-10-22T11:56:00+00:00\" \/>\n<meta property=\"og:image\" content=\"https:\/\/blogger.googleusercontent.com\/img\/b\/R29vZ2xl\/AVvXsEhFup7NmNDUnKTO6u8P2BfW2rkq7i9t_yNYsoel-rT_gAv7Y7M_vGlEDfCXJHbSPKnKBOKHGQnWsQ89r1bti129so0Cwp9aIIM1gc6Kogkb1aLYVfYj9fTBjepdy9nTjP41VIxIEJZJ0oGF\/w519-h292\/DERS+NOTLARI+YEN%25C4%25B0.jpg\" \/>\n<meta name=\"author\" content=\"tarihkursu\" \/>\n<meta name=\"twitter:card\" content=\"summary_large_image\" \/>\n<meta name=\"twitter:label1\" content=\"Yazan:\" \/>\n\t<meta name=\"twitter:data1\" content=\"tarihkursu\" \/>\n\t<meta name=\"twitter:label2\" content=\"Tahmini okuma s\u00fcresi\" \/>\n\t<meta name=\"twitter:data2\" content=\"5 dakika\" \/>\n<script type=\"application\/ld+json\" class=\"yoast-schema-graph\">{\"@context\":\"https:\\\/\\\/schema.org\",\"@graph\":[{\"@type\":\"Article\",\"@id\":\"https:\\\/\\\/tarihkursu.com\\\/index.php\\\/2020\\\/10\\\/22\\\/iki-dunya-savasi-arasindaki-donemde-dunyada-meydana-gelen-sosyokulturel-olaylar-ve-bilimsel-gelismeler\\\/#article\",\"isPartOf\":{\"@id\":\"https:\\\/\\\/tarihkursu.com\\\/index.php\\\/2020\\\/10\\\/22\\\/iki-dunya-savasi-arasindaki-donemde-dunyada-meydana-gelen-sosyokulturel-olaylar-ve-bilimsel-gelismeler\\\/\"},\"author\":{\"name\":\"tarihkursu\",\"@id\":\"https:\\\/\\\/tarihkursu.com\\\/#\\\/schema\\\/person\\\/d0f9105e31352dbe9f08d098ffb8c878\"},\"headline\":\"\u0130K\u0130 D\u00dcNYA SAVA\u015eI ARASINDAK\u0130 D\u00d6NEMDE D\u00dcNYADA MEYDANA GELEN SOSYOK\u00dcLT\u00dcREL OLAYLAR VE B\u0130L\u0130MSEL GEL\u0130\u015eMELER\",\"datePublished\":\"2020-10-22T11:56:00+00:00\",\"mainEntityOfPage\":{\"@id\":\"https:\\\/\\\/tarihkursu.com\\\/index.php\\\/2020\\\/10\\\/22\\\/iki-dunya-savasi-arasindaki-donemde-dunyada-meydana-gelen-sosyokulturel-olaylar-ve-bilimsel-gelismeler\\\/\"},\"wordCount\":968,\"commentCount\":0,\"publisher\":{\"@id\":\"https:\\\/\\\/tarihkursu.com\\\/#\\\/schema\\\/person\\\/4d7bdc3b79e9f5198455474c0f203f3c\"},\"image\":{\"@id\":\"https:\\\/\\\/tarihkursu.com\\\/index.php\\\/2020\\\/10\\\/22\\\/iki-dunya-savasi-arasindaki-donemde-dunyada-meydana-gelen-sosyokulturel-olaylar-ve-bilimsel-gelismeler\\\/#primaryimage\"},\"thumbnailUrl\":\"https:\\\/\\\/blogger.googleusercontent.com\\\/img\\\/b\\\/R29vZ2xl\\\/AVvXsEhFup7NmNDUnKTO6u8P2BfW2rkq7i9t_yNYsoel-rT_gAv7Y7M_vGlEDfCXJHbSPKnKBOKHGQnWsQ89r1bti129so0Cwp9aIIM1gc6Kogkb1aLYVfYj9fTBjepdy9nTjP41VIxIEJZJ0oGF\\\/w519-h292\\\/DERS+NOTLARI+YEN%25C4%25B0.jpg\",\"articleSection\":[\"Ders Notlar\u0131\",\"KONU \u00d6ZETLER\u0130\",\"TAR\u0130H \u00d6ZET\"],\"inLanguage\":\"tr\",\"potentialAction\":[{\"@type\":\"CommentAction\",\"name\":\"Comment\",\"target\":[\"https:\\\/\\\/tarihkursu.com\\\/index.php\\\/2020\\\/10\\\/22\\\/iki-dunya-savasi-arasindaki-donemde-dunyada-meydana-gelen-sosyokulturel-olaylar-ve-bilimsel-gelismeler\\\/#respond\"]}]},{\"@type\":\"WebPage\",\"@id\":\"https:\\\/\\\/tarihkursu.com\\\/index.php\\\/2020\\\/10\\\/22\\\/iki-dunya-savasi-arasindaki-donemde-dunyada-meydana-gelen-sosyokulturel-olaylar-ve-bilimsel-gelismeler\\\/\",\"url\":\"https:\\\/\\\/tarihkursu.com\\\/index.php\\\/2020\\\/10\\\/22\\\/iki-dunya-savasi-arasindaki-donemde-dunyada-meydana-gelen-sosyokulturel-olaylar-ve-bilimsel-gelismeler\\\/\",\"name\":\"\u0130K\u0130 D\u00dcNYA SAVA\u015eI ARASINDAK\u0130 D\u00d6NEMDE D\u00dcNYADA MEYDANA GELEN SOSYOK\u00dcLT\u00dcREL OLAYLAR VE B\u0130L\u0130MSEL GEL\u0130\u015eMELER - tarihkursu.com\",\"isPartOf\":{\"@id\":\"https:\\\/\\\/tarihkursu.com\\\/#website\"},\"primaryImageOfPage\":{\"@id\":\"https:\\\/\\\/tarihkursu.com\\\/index.php\\\/2020\\\/10\\\/22\\\/iki-dunya-savasi-arasindaki-donemde-dunyada-meydana-gelen-sosyokulturel-olaylar-ve-bilimsel-gelismeler\\\/#primaryimage\"},\"image\":{\"@id\":\"https:\\\/\\\/tarihkursu.com\\\/index.php\\\/2020\\\/10\\\/22\\\/iki-dunya-savasi-arasindaki-donemde-dunyada-meydana-gelen-sosyokulturel-olaylar-ve-bilimsel-gelismeler\\\/#primaryimage\"},\"thumbnailUrl\":\"https:\\\/\\\/blogger.googleusercontent.com\\\/img\\\/b\\\/R29vZ2xl\\\/AVvXsEhFup7NmNDUnKTO6u8P2BfW2rkq7i9t_yNYsoel-rT_gAv7Y7M_vGlEDfCXJHbSPKnKBOKHGQnWsQ89r1bti129so0Cwp9aIIM1gc6Kogkb1aLYVfYj9fTBjepdy9nTjP41VIxIEJZJ0oGF\\\/w519-h292\\\/DERS+NOTLARI+YEN%25C4%25B0.jpg\",\"datePublished\":\"2020-10-22T11:56:00+00:00\",\"breadcrumb\":{\"@id\":\"https:\\\/\\\/tarihkursu.com\\\/index.php\\\/2020\\\/10\\\/22\\\/iki-dunya-savasi-arasindaki-donemde-dunyada-meydana-gelen-sosyokulturel-olaylar-ve-bilimsel-gelismeler\\\/#breadcrumb\"},\"inLanguage\":\"tr\",\"potentialAction\":[{\"@type\":\"ReadAction\",\"target\":[\"https:\\\/\\\/tarihkursu.com\\\/index.php\\\/2020\\\/10\\\/22\\\/iki-dunya-savasi-arasindaki-donemde-dunyada-meydana-gelen-sosyokulturel-olaylar-ve-bilimsel-gelismeler\\\/\"]}]},{\"@type\":\"ImageObject\",\"inLanguage\":\"tr\",\"@id\":\"https:\\\/\\\/tarihkursu.com\\\/index.php\\\/2020\\\/10\\\/22\\\/iki-dunya-savasi-arasindaki-donemde-dunyada-meydana-gelen-sosyokulturel-olaylar-ve-bilimsel-gelismeler\\\/#primaryimage\",\"url\":\"https:\\\/\\\/blogger.googleusercontent.com\\\/img\\\/b\\\/R29vZ2xl\\\/AVvXsEhFup7NmNDUnKTO6u8P2BfW2rkq7i9t_yNYsoel-rT_gAv7Y7M_vGlEDfCXJHbSPKnKBOKHGQnWsQ89r1bti129so0Cwp9aIIM1gc6Kogkb1aLYVfYj9fTBjepdy9nTjP41VIxIEJZJ0oGF\\\/w519-h292\\\/DERS+NOTLARI+YEN%25C4%25B0.jpg\",\"contentUrl\":\"https:\\\/\\\/blogger.googleusercontent.com\\\/img\\\/b\\\/R29vZ2xl\\\/AVvXsEhFup7NmNDUnKTO6u8P2BfW2rkq7i9t_yNYsoel-rT_gAv7Y7M_vGlEDfCXJHbSPKnKBOKHGQnWsQ89r1bti129so0Cwp9aIIM1gc6Kogkb1aLYVfYj9fTBjepdy9nTjP41VIxIEJZJ0oGF\\\/w519-h292\\\/DERS+NOTLARI+YEN%25C4%25B0.jpg\"},{\"@type\":\"BreadcrumbList\",\"@id\":\"https:\\\/\\\/tarihkursu.com\\\/index.php\\\/2020\\\/10\\\/22\\\/iki-dunya-savasi-arasindaki-donemde-dunyada-meydana-gelen-sosyokulturel-olaylar-ve-bilimsel-gelismeler\\\/#breadcrumb\",\"itemListElement\":[{\"@type\":\"ListItem\",\"position\":1,\"name\":\"Anasayfa\",\"item\":\"https:\\\/\\\/tarihkursu.com\\\/\"},{\"@type\":\"ListItem\",\"position\":2,\"name\":\"\u0130K\u0130 D\u00dcNYA SAVA\u015eI ARASINDAK\u0130 D\u00d6NEMDE D\u00dcNYADA MEYDANA GELEN SOSYOK\u00dcLT\u00dcREL OLAYLAR VE B\u0130L\u0130MSEL GEL\u0130\u015eMELER\"}]},{\"@type\":\"WebSite\",\"@id\":\"https:\\\/\\\/tarihkursu.com\\\/#website\",\"url\":\"https:\\\/\\\/tarihkursu.com\\\/\",\"name\":\"Tarih Kursu\",\"description\":\"\u0130\u015fimiz G\u00fcc\u00fcm\u00fcz Tarih\",\"publisher\":{\"@id\":\"https:\\\/\\\/tarihkursu.com\\\/#\\\/schema\\\/person\\\/4d7bdc3b79e9f5198455474c0f203f3c\"},\"potentialAction\":[{\"@type\":\"SearchAction\",\"target\":{\"@type\":\"EntryPoint\",\"urlTemplate\":\"https:\\\/\\\/tarihkursu.com\\\/?s={search_term_string}\"},\"query-input\":{\"@type\":\"PropertyValueSpecification\",\"valueRequired\":true,\"valueName\":\"search_term_string\"}}],\"inLanguage\":\"tr\"},{\"@type\":[\"Person\",\"Organization\"],\"@id\":\"https:\\\/\\\/tarihkursu.com\\\/#\\\/schema\\\/person\\\/4d7bdc3b79e9f5198455474c0f203f3c\",\"name\":\"admin\",\"image\":{\"@type\":\"ImageObject\",\"inLanguage\":\"tr\",\"@id\":\"https:\\\/\\\/tarihkursu.com\\\/wp-content\\\/uploads\\\/2024\\\/10\\\/TARIHKURSU-Kopyasi.png\",\"url\":\"https:\\\/\\\/tarihkursu.com\\\/wp-content\\\/uploads\\\/2024\\\/10\\\/TARIHKURSU-Kopyasi.png\",\"contentUrl\":\"https:\\\/\\\/tarihkursu.com\\\/wp-content\\\/uploads\\\/2024\\\/10\\\/TARIHKURSU-Kopyasi.png\",\"width\":1080,\"height\":1080,\"caption\":\"admin\"},\"logo\":{\"@id\":\"https:\\\/\\\/tarihkursu.com\\\/wp-content\\\/uploads\\\/2024\\\/10\\\/TARIHKURSU-Kopyasi.png\"},\"sameAs\":[\"https:\\\/\\\/tarihkursu.com\"]},{\"@type\":\"Person\",\"@id\":\"https:\\\/\\\/tarihkursu.com\\\/#\\\/schema\\\/person\\\/d0f9105e31352dbe9f08d098ffb8c878\",\"name\":\"tarihkursu\",\"image\":{\"@type\":\"ImageObject\",\"inLanguage\":\"tr\",\"@id\":\"https:\\\/\\\/secure.gravatar.com\\\/avatar\\\/1354763acbc865faa7650c3e1e4431f187276d71f132349411302a546cdeae54?s=96&d=mm&r=g\",\"url\":\"https:\\\/\\\/secure.gravatar.com\\\/avatar\\\/1354763acbc865faa7650c3e1e4431f187276d71f132349411302a546cdeae54?s=96&d=mm&r=g\",\"contentUrl\":\"https:\\\/\\\/secure.gravatar.com\\\/avatar\\\/1354763acbc865faa7650c3e1e4431f187276d71f132349411302a546cdeae54?s=96&d=mm&r=g\",\"caption\":\"tarihkursu\"},\"url\":\"https:\\\/\\\/tarihkursu.com\\\/index.php\\\/author\\\/tarihkursu\\\/\"}]}<\/script>\n<!-- \/ Yoast SEO plugin. -->","yoast_head_json":{"title":"\u0130K\u0130 D\u00dcNYA SAVA\u015eI ARASINDAK\u0130 D\u00d6NEMDE D\u00dcNYADA MEYDANA GELEN SOSYOK\u00dcLT\u00dcREL OLAYLAR VE B\u0130L\u0130MSEL GEL\u0130\u015eMELER - tarihkursu.com","robots":{"index":"index","follow":"follow","max-snippet":"max-snippet:-1","max-image-preview":"max-image-preview:large","max-video-preview":"max-video-preview:-1"},"canonical":"https:\/\/tarihkursu.com\/index.php\/2020\/10\/22\/iki-dunya-savasi-arasindaki-donemde-dunyada-meydana-gelen-sosyokulturel-olaylar-ve-bilimsel-gelismeler\/","og_locale":"tr_TR","og_type":"article","og_title":"\u0130K\u0130 D\u00dcNYA SAVA\u015eI ARASINDAK\u0130 D\u00d6NEMDE D\u00dcNYADA MEYDANA GELEN SOSYOK\u00dcLT\u00dcREL OLAYLAR VE B\u0130L\u0130MSEL GEL\u0130\u015eMELER - tarihkursu.com","og_description":"&nbsp; Tarih ders notlar\u0131, yks tarih ders notlar\u0131, ayt tarih ders notlar\u0131, tyt tarih ders notlar\u0131, tarih \u00f6zet, tarih 9 ders notlar\u0131, tarih 10 ders [...]","og_url":"https:\/\/tarihkursu.com\/index.php\/2020\/10\/22\/iki-dunya-savasi-arasindaki-donemde-dunyada-meydana-gelen-sosyokulturel-olaylar-ve-bilimsel-gelismeler\/","og_site_name":"tarihkursu.com","article_published_time":"2020-10-22T11:56:00+00:00","og_image":[{"url":"https:\/\/blogger.googleusercontent.com\/img\/b\/R29vZ2xl\/AVvXsEhFup7NmNDUnKTO6u8P2BfW2rkq7i9t_yNYsoel-rT_gAv7Y7M_vGlEDfCXJHbSPKnKBOKHGQnWsQ89r1bti129so0Cwp9aIIM1gc6Kogkb1aLYVfYj9fTBjepdy9nTjP41VIxIEJZJ0oGF\/w519-h292\/DERS+NOTLARI+YEN%25C4%25B0.jpg","type":"","width":"","height":""}],"author":"tarihkursu","twitter_card":"summary_large_image","twitter_misc":{"Yazan:":"tarihkursu","Tahmini okuma s\u00fcresi":"5 dakika"},"schema":{"@context":"https:\/\/schema.org","@graph":[{"@type":"Article","@id":"https:\/\/tarihkursu.com\/index.php\/2020\/10\/22\/iki-dunya-savasi-arasindaki-donemde-dunyada-meydana-gelen-sosyokulturel-olaylar-ve-bilimsel-gelismeler\/#article","isPartOf":{"@id":"https:\/\/tarihkursu.com\/index.php\/2020\/10\/22\/iki-dunya-savasi-arasindaki-donemde-dunyada-meydana-gelen-sosyokulturel-olaylar-ve-bilimsel-gelismeler\/"},"author":{"name":"tarihkursu","@id":"https:\/\/tarihkursu.com\/#\/schema\/person\/d0f9105e31352dbe9f08d098ffb8c878"},"headline":"\u0130K\u0130 D\u00dcNYA SAVA\u015eI ARASINDAK\u0130 D\u00d6NEMDE D\u00dcNYADA MEYDANA GELEN SOSYOK\u00dcLT\u00dcREL OLAYLAR VE B\u0130L\u0130MSEL GEL\u0130\u015eMELER","datePublished":"2020-10-22T11:56:00+00:00","mainEntityOfPage":{"@id":"https:\/\/tarihkursu.com\/index.php\/2020\/10\/22\/iki-dunya-savasi-arasindaki-donemde-dunyada-meydana-gelen-sosyokulturel-olaylar-ve-bilimsel-gelismeler\/"},"wordCount":968,"commentCount":0,"publisher":{"@id":"https:\/\/tarihkursu.com\/#\/schema\/person\/4d7bdc3b79e9f5198455474c0f203f3c"},"image":{"@id":"https:\/\/tarihkursu.com\/index.php\/2020\/10\/22\/iki-dunya-savasi-arasindaki-donemde-dunyada-meydana-gelen-sosyokulturel-olaylar-ve-bilimsel-gelismeler\/#primaryimage"},"thumbnailUrl":"https:\/\/blogger.googleusercontent.com\/img\/b\/R29vZ2xl\/AVvXsEhFup7NmNDUnKTO6u8P2BfW2rkq7i9t_yNYsoel-rT_gAv7Y7M_vGlEDfCXJHbSPKnKBOKHGQnWsQ89r1bti129so0Cwp9aIIM1gc6Kogkb1aLYVfYj9fTBjepdy9nTjP41VIxIEJZJ0oGF\/w519-h292\/DERS+NOTLARI+YEN%25C4%25B0.jpg","articleSection":["Ders Notlar\u0131","KONU \u00d6ZETLER\u0130","TAR\u0130H \u00d6ZET"],"inLanguage":"tr","potentialAction":[{"@type":"CommentAction","name":"Comment","target":["https:\/\/tarihkursu.com\/index.php\/2020\/10\/22\/iki-dunya-savasi-arasindaki-donemde-dunyada-meydana-gelen-sosyokulturel-olaylar-ve-bilimsel-gelismeler\/#respond"]}]},{"@type":"WebPage","@id":"https:\/\/tarihkursu.com\/index.php\/2020\/10\/22\/iki-dunya-savasi-arasindaki-donemde-dunyada-meydana-gelen-sosyokulturel-olaylar-ve-bilimsel-gelismeler\/","url":"https:\/\/tarihkursu.com\/index.php\/2020\/10\/22\/iki-dunya-savasi-arasindaki-donemde-dunyada-meydana-gelen-sosyokulturel-olaylar-ve-bilimsel-gelismeler\/","name":"\u0130K\u0130 D\u00dcNYA SAVA\u015eI ARASINDAK\u0130 D\u00d6NEMDE D\u00dcNYADA MEYDANA GELEN SOSYOK\u00dcLT\u00dcREL OLAYLAR VE B\u0130L\u0130MSEL GEL\u0130\u015eMELER - tarihkursu.com","isPartOf":{"@id":"https:\/\/tarihkursu.com\/#website"},"primaryImageOfPage":{"@id":"https:\/\/tarihkursu.com\/index.php\/2020\/10\/22\/iki-dunya-savasi-arasindaki-donemde-dunyada-meydana-gelen-sosyokulturel-olaylar-ve-bilimsel-gelismeler\/#primaryimage"},"image":{"@id":"https:\/\/tarihkursu.com\/index.php\/2020\/10\/22\/iki-dunya-savasi-arasindaki-donemde-dunyada-meydana-gelen-sosyokulturel-olaylar-ve-bilimsel-gelismeler\/#primaryimage"},"thumbnailUrl":"https:\/\/blogger.googleusercontent.com\/img\/b\/R29vZ2xl\/AVvXsEhFup7NmNDUnKTO6u8P2BfW2rkq7i9t_yNYsoel-rT_gAv7Y7M_vGlEDfCXJHbSPKnKBOKHGQnWsQ89r1bti129so0Cwp9aIIM1gc6Kogkb1aLYVfYj9fTBjepdy9nTjP41VIxIEJZJ0oGF\/w519-h292\/DERS+NOTLARI+YEN%25C4%25B0.jpg","datePublished":"2020-10-22T11:56:00+00:00","breadcrumb":{"@id":"https:\/\/tarihkursu.com\/index.php\/2020\/10\/22\/iki-dunya-savasi-arasindaki-donemde-dunyada-meydana-gelen-sosyokulturel-olaylar-ve-bilimsel-gelismeler\/#breadcrumb"},"inLanguage":"tr","potentialAction":[{"@type":"ReadAction","target":["https:\/\/tarihkursu.com\/index.php\/2020\/10\/22\/iki-dunya-savasi-arasindaki-donemde-dunyada-meydana-gelen-sosyokulturel-olaylar-ve-bilimsel-gelismeler\/"]}]},{"@type":"ImageObject","inLanguage":"tr","@id":"https:\/\/tarihkursu.com\/index.php\/2020\/10\/22\/iki-dunya-savasi-arasindaki-donemde-dunyada-meydana-gelen-sosyokulturel-olaylar-ve-bilimsel-gelismeler\/#primaryimage","url":"https:\/\/blogger.googleusercontent.com\/img\/b\/R29vZ2xl\/AVvXsEhFup7NmNDUnKTO6u8P2BfW2rkq7i9t_yNYsoel-rT_gAv7Y7M_vGlEDfCXJHbSPKnKBOKHGQnWsQ89r1bti129so0Cwp9aIIM1gc6Kogkb1aLYVfYj9fTBjepdy9nTjP41VIxIEJZJ0oGF\/w519-h292\/DERS+NOTLARI+YEN%25C4%25B0.jpg","contentUrl":"https:\/\/blogger.googleusercontent.com\/img\/b\/R29vZ2xl\/AVvXsEhFup7NmNDUnKTO6u8P2BfW2rkq7i9t_yNYsoel-rT_gAv7Y7M_vGlEDfCXJHbSPKnKBOKHGQnWsQ89r1bti129so0Cwp9aIIM1gc6Kogkb1aLYVfYj9fTBjepdy9nTjP41VIxIEJZJ0oGF\/w519-h292\/DERS+NOTLARI+YEN%25C4%25B0.jpg"},{"@type":"BreadcrumbList","@id":"https:\/\/tarihkursu.com\/index.php\/2020\/10\/22\/iki-dunya-savasi-arasindaki-donemde-dunyada-meydana-gelen-sosyokulturel-olaylar-ve-bilimsel-gelismeler\/#breadcrumb","itemListElement":[{"@type":"ListItem","position":1,"name":"Anasayfa","item":"https:\/\/tarihkursu.com\/"},{"@type":"ListItem","position":2,"name":"\u0130K\u0130 D\u00dcNYA SAVA\u015eI ARASINDAK\u0130 D\u00d6NEMDE D\u00dcNYADA MEYDANA GELEN SOSYOK\u00dcLT\u00dcREL OLAYLAR VE B\u0130L\u0130MSEL GEL\u0130\u015eMELER"}]},{"@type":"WebSite","@id":"https:\/\/tarihkursu.com\/#website","url":"https:\/\/tarihkursu.com\/","name":"Tarih Kursu","description":"\u0130\u015fimiz G\u00fcc\u00fcm\u00fcz Tarih","publisher":{"@id":"https:\/\/tarihkursu.com\/#\/schema\/person\/4d7bdc3b79e9f5198455474c0f203f3c"},"potentialAction":[{"@type":"SearchAction","target":{"@type":"EntryPoint","urlTemplate":"https:\/\/tarihkursu.com\/?s={search_term_string}"},"query-input":{"@type":"PropertyValueSpecification","valueRequired":true,"valueName":"search_term_string"}}],"inLanguage":"tr"},{"@type":["Person","Organization"],"@id":"https:\/\/tarihkursu.com\/#\/schema\/person\/4d7bdc3b79e9f5198455474c0f203f3c","name":"admin","image":{"@type":"ImageObject","inLanguage":"tr","@id":"https:\/\/tarihkursu.com\/wp-content\/uploads\/2024\/10\/TARIHKURSU-Kopyasi.png","url":"https:\/\/tarihkursu.com\/wp-content\/uploads\/2024\/10\/TARIHKURSU-Kopyasi.png","contentUrl":"https:\/\/tarihkursu.com\/wp-content\/uploads\/2024\/10\/TARIHKURSU-Kopyasi.png","width":1080,"height":1080,"caption":"admin"},"logo":{"@id":"https:\/\/tarihkursu.com\/wp-content\/uploads\/2024\/10\/TARIHKURSU-Kopyasi.png"},"sameAs":["https:\/\/tarihkursu.com"]},{"@type":"Person","@id":"https:\/\/tarihkursu.com\/#\/schema\/person\/d0f9105e31352dbe9f08d098ffb8c878","name":"tarihkursu","image":{"@type":"ImageObject","inLanguage":"tr","@id":"https:\/\/secure.gravatar.com\/avatar\/1354763acbc865faa7650c3e1e4431f187276d71f132349411302a546cdeae54?s=96&d=mm&r=g","url":"https:\/\/secure.gravatar.com\/avatar\/1354763acbc865faa7650c3e1e4431f187276d71f132349411302a546cdeae54?s=96&d=mm&r=g","contentUrl":"https:\/\/secure.gravatar.com\/avatar\/1354763acbc865faa7650c3e1e4431f187276d71f132349411302a546cdeae54?s=96&d=mm&r=g","caption":"tarihkursu"},"url":"https:\/\/tarihkursu.com\/index.php\/author\/tarihkursu\/"}]}},"_links":{"self":[{"href":"https:\/\/tarihkursu.com\/index.php\/wp-json\/wp\/v2\/posts\/496","targetHints":{"allow":["GET"]}}],"collection":[{"href":"https:\/\/tarihkursu.com\/index.php\/wp-json\/wp\/v2\/posts"}],"about":[{"href":"https:\/\/tarihkursu.com\/index.php\/wp-json\/wp\/v2\/types\/post"}],"author":[{"embeddable":true,"href":"https:\/\/tarihkursu.com\/index.php\/wp-json\/wp\/v2\/users\/2"}],"replies":[{"embeddable":true,"href":"https:\/\/tarihkursu.com\/index.php\/wp-json\/wp\/v2\/comments?post=496"}],"version-history":[{"count":0,"href":"https:\/\/tarihkursu.com\/index.php\/wp-json\/wp\/v2\/posts\/496\/revisions"}],"wp:attachment":[{"href":"https:\/\/tarihkursu.com\/index.php\/wp-json\/wp\/v2\/media?parent=496"}],"wp:term":[{"taxonomy":"category","embeddable":true,"href":"https:\/\/tarihkursu.com\/index.php\/wp-json\/wp\/v2\/categories?post=496"},{"taxonomy":"post_tag","embeddable":true,"href":"https:\/\/tarihkursu.com\/index.php\/wp-json\/wp\/v2\/tags?post=496"}],"curies":[{"name":"wp","href":"https:\/\/api.w.org\/{rel}","templated":true}]}}