{"id":497,"date":"2020-10-22T14:29:00","date_gmt":"2020-10-22T11:29:00","guid":{"rendered":"https:\/\/tarihkursu.com\/index.php\/2020\/10\/22\/iki-dunya-savasi-arasindaki-donemde-dunyada-meydana-gelen-siyasi-ve-ekonomik-gelismeler\/"},"modified":"2020-10-22T14:29:00","modified_gmt":"2020-10-22T11:29:00","slug":"iki-dunya-savasi-arasindaki-donemde-dunyada-meydana-gelen-siyasi-ve-ekonomik-gelismeler","status":"publish","type":"post","link":"https:\/\/tarihkursu.com\/index.php\/2020\/10\/22\/iki-dunya-savasi-arasindaki-donemde-dunyada-meydana-gelen-siyasi-ve-ekonomik-gelismeler\/","title":{"rendered":"\u0130K\u0130 D\u00dcNYA SAVA\u015eI ARASINDAK\u0130 D\u00d6NEMDE D\u00dcNYADA MEYDANA GELEN S\u0130YAS\u0130 VE EKONOM\u0130K GEL\u0130\u015eMELER"},"content":{"rendered":"<p><span style=\"font-size: large;\">&nbsp;<\/span><\/p>\n<div style=\"clear: both; text-align: center;\"><a href=\"https:\/\/blogger.googleusercontent.com\/img\/b\/R29vZ2xl\/AVvXsEhFup7NmNDUnKTO6u8P2BfW2rkq7i9t_yNYsoel-rT_gAv7Y7M_vGlEDfCXJHbSPKnKBOKHGQnWsQ89r1bti129so0Cwp9aIIM1gc6Kogkb1aLYVfYj9fTBjepdy9nTjP41VIxIEJZJ0oGF\/s960\/DERS+NOTLARI+YEN%25C4%25B0.jpg\" style=\"margin-left: 1em; margin-right: 1em;\"><span style=\"font-size: large;\"><img loading=\"lazy\" decoding=\"async\" border=\"0\" data-original-height=\"540\" data-original-width=\"960\" height=\"256\" src=\"https:\/\/blogger.googleusercontent.com\/img\/b\/R29vZ2xl\/AVvXsEhFup7NmNDUnKTO6u8P2BfW2rkq7i9t_yNYsoel-rT_gAv7Y7M_vGlEDfCXJHbSPKnKBOKHGQnWsQ89r1bti129so0Cwp9aIIM1gc6Kogkb1aLYVfYj9fTBjepdy9nTjP41VIxIEJZJ0oGF\/w456-h256\/DERS+NOTLARI+YEN%25C4%25B0.jpg\" width=\"456\" \/><\/span><\/a><\/div>\n<\/p>\n<p><span style=\"font-size: large;\">Tarih ders notlar\u0131, yks tarih ders notlar\u0131, ayt tarih ders notlar\u0131, tyt tarih ders notlar\u0131, tarih \u00f6zet, tarih 9 ders notlar\u0131, tarih 10 ders notlar\u0131, tarih 11 ders notlar\u0131, ink\u0131lap tarihi ders notlar\u0131, \u00e7a\u011fda\u015f T\u00fcrk ve d\u00fcnya tarihi ders notlar\u0131, g\u00fcncel tarih ders notlar\u0131, \u00f6zet konu anlat\u0131m, k\u0131sa tarih, yeni kitaba g\u00f6re haz\u0131rlanm\u0131\u015f ders notlar\u0131, yeni m\u00fcfredat tarih , tarih pdf<\/span><\/p>\n<p><span style=\"font-size: large;\"><br \/>\n<ins\n     style=\"display:block; text-align:center;\"\n     data-ad-layout=\"in-article\"\n     data-ad-format=\"fluid\"\n     data-ad-client=\"ca-pub-8292832365502904\"\n     data-ad-slot=\"4993116891\"><\/ins><br \/>\n1. \u00dcN\u0130TE \u0130K\u0130 K\u00dcRESEL SAVA\u015e ARASINDA D\u00dcNYA<\/span><\/p>\n<p><span style=\"background-color: #fcff01; font-size: large;\"><b>\u0130K\u0130 D\u00dcNYA SAVA\u015eI ARASINDAK\u0130 D\u00d6NEMDE D\u00dcNYADA MEYDANA GELEN S\u0130YAS\u0130 VE EKONOM\u0130K GEL\u0130\u015eMELER<\/b><\/span><\/p>\n<div>\n<div><span style=\"font-size: large;\">-\u0130ki sava\u015f aras\u0131 d\u00f6nemde d\u00fcnya I. D\u00fcnya Sava\u015f\u0131\u2019n\u0131n neden oldu\u011fu y\u0131k\u0131m\u0131n etkisinden kurtulamam\u0131\u015f ve II. D\u00fcnya Sava\u015f\u0131\u2019na s\u00fcr\u00fcklenmi\u015ftir.<\/span><\/div>\n<div><span style=\"font-size: large;\">1929\u2019da ABD\u2019de ortaya \u00e7\u0131kan 1929 Ekonomik Buhran\u0131 Avrupa\u2019y\u0131 da ciddi \u015fekilde etkilemi\u015ftir.&nbsp;<\/span><\/div>\n<div><span style=\"font-size: large;\">Almanya; \u0130ngiltere ve Fransa\u2019ya olan sava\u015f tazminat\u0131n\u0131 \u00f6demekte zorlanm\u0131\u015ft\u0131r.<\/span><\/div>\n<div><span style=\"font-size: large;\">&#8211; Rusya\u2019da ya\u015fanan ihtilalin ard\u0131ndansa Sovyet Sosyalist Cumhuriyetler Birli\u011fi kurulmu\u015f ve yeni rejim iktidar\u0131n\u0131 bu d\u00f6nemde sa\u011flamla\u015ft\u0131rm\u0131\u015ft\u0131r.<\/span><\/div>\n<\/div>\n<div>\n<div><span style=\"font-size: large;\">&#8211; Japonya en b\u00fcy\u00fck rakibi g\u00f6rd\u00fc\u011f\u00fc \u00c7in \u00fczerindeki bask\u0131s\u0131n\u0131 art\u0131rmaya \u00e7al\u0131\u015fm\u0131\u015f, k\u0131smen de ba\u015far\u0131l\u0131 olmu\u015ftur.<\/span><\/div>\n<div><span style=\"font-size: large;\">&#8211; \u0130ki sava\u015f aras\u0131 d\u00f6nemde bar\u0131\u015f\u0131 sa\u011flamak i\u00e7in ABD Ba\u015fkan\u0131 Wilson\u2019\u0131n fikr\u00ee yap\u0131s\u0131n\u0131 ortaya att\u0131\u011f\u0131 Cemiyet-i Akvam, 1919\u2019da Paris Bar\u0131\u015f Konferans\u0131\u2019nda kurulmu\u015ftur.<\/span><\/div>\n<div><span style=\"font-size: large;\">&#8211; 1925\u2019te Locarno (Lokarno) Antla\u015fmas\u0131, 1928\u2019de Briand-Kellogg (Brio-Kell\u00f6g) Pakt\u0131 imzalanm\u0131\u015ft\u0131r.<\/span><\/div>\n<\/div>\n<div><span style=\"font-size: large;\"><br \/><\/span><\/div>\n<div><span style=\"font-size: large;\"><br \/><\/span><\/div>\n<div>\n<div><span style=\"font-size: large;\"><b style=\"background-color: #fcff01;\">Milletler Cemiyetinin Kurulmas\u0131 (10 Ocak 1920):<\/b><\/span><\/div>\n<\/div>\n<div>\n<div><span style=\"font-size: large;\">&#8211; ABD Ba\u015fkan\u0131 Wilson, d\u00fcnya bar\u0131\u015f\u0131n\u0131n korunmas\u0131 ve s\u00fcrd\u00fcr\u00fclebilirli\u011finin sa\u011flanmas\u0131 amac\u0131yla uluslararas\u0131 bir te\u015fkilat\u0131n kurulmas\u0131n\u0131 istemi\u015fti.<\/span><\/div>\n<div><span style=\"font-size: large;\">-Paris Bar\u0131\u015f Konferans\u0131\u2019nda bu fikir 32 devlet taraf\u0131ndan kabul edildi.<\/span><\/div>\n<div><span style=\"font-size: large;\">-10 Ocak 1920\u2019de merkezi Cenevre olan ve asil \u00fcyelerini I. D\u00fcnya Sava\u015f\u0131\u2019n\u0131n galip devletlerinin olu\u015fturdu\u011fu Milletler Cemiyeti kuruldu.<\/span><\/div>\n<div><span style=\"font-size: large;\">-Sava\u015fta tarafs\u0131z kalm\u0131\u015f olan devletler de asil \u00fcyeler aras\u0131na d\u00e2hil edildi.<\/span><\/div>\n<div><span style=\"font-size: large;\">-Kurulu\u015funda 18 \u00fcyeden olu\u015fan cemiyetin \u00fcye say\u0131s\u0131 daha sonra 63\u2019e ula\u015ft\u0131.<\/span><\/div>\n<div><span style=\"font-size: large;\">-Milletler Cemiyeti, uluslararas\u0131 pek \u00e7ok sorunun \u00e7\u00f6z\u00fcm\u00fcnde&nbsp;<\/span><\/div>\n<div><span style=\"font-size: large;\">ba\u015far\u0131l\u0131 olamad\u0131.<\/span><\/div>\n<\/div>\n<div><span style=\"font-size: large;\"><br \/><\/span><\/div>\n<div><span style=\"font-size: large;\"><br \/><\/span><\/div>\n<div>\n<div><span style=\"font-size: large;\"><b style=\"background-color: #fcff01;\"><br \/>\n<ins\n     style=\"display:block; text-align:center;\"\n     data-ad-layout=\"in-article\"\n     data-ad-format=\"fluid\"\n     data-ad-client=\"ca-pub-8292832365502904\"\n     data-ad-slot=\"4993116891\"><\/ins><br \/>\nLocarno (Lokarno) Antla\u015fmas\u0131 (1 Aral\u0131k 1925)<\/b><\/span><\/div>\n<\/div>\n<div>\n<div><span style=\"font-size: large;\">-Frans\u0131z-Alman ili\u015fkileri, Locarno Antla\u015fmas\u0131 ile kar\u015f\u0131l\u0131kl\u0131 g\u00fcven \u00e7er\u00e7evesi i\u00e7ine girebildi.<\/span><\/div>\n<div><span style=\"font-size: large;\">-Fransa, Almanya, \u0130ngiltere, \u0130talya, Polonya, \u00c7ekoslavakya ve Bel\u00e7ika aras\u0131nda \u0130svi\u00e7re\u2019nin Locarno \u015fehrinde imzalanan bu antla\u015fmayla devletler birbirlerinin s\u0131n\u0131rlar\u0131n\u0131 tan\u0131m\u0131\u015f oldu.<\/span><\/div>\n<div><span style=\"font-size: large;\">-Almanya, 1926 y\u0131l\u0131nda Milletler Cemiyetine \u00fcye olarak kabul edildi.<\/span><\/div>\n<\/div>\n<div><span style=\"font-size: large;\"><br \/><\/span><\/div>\n<div><span style=\"font-size: large;\"><br \/><\/span><\/div>\n<div>\n<div><span style=\"font-size: large;\">Briand-Kellog (B\u0131raynd-Kellog) Pakt\u0131 (27 A\u011fustos 1928):<\/span><\/div>\n<\/div>\n<div>\n<div><span style=\"font-size: large;\">-Fransa ve ABD\u2019nin \u00f6nc\u00fcl\u00fck etmesi ile ba\u015flayan g\u00f6r\u00fc\u015fmeler, 27 A\u011fustos 1928\u2019de dokuz devlet aras\u0131nda (ABD, Fransa, \u0130ngiltere, Almanya, \u0130talya, Japonya, Bel\u00e7ika, Polonya ve \u00c7ekoslavakya) imzaland\u0131.<\/span><\/div>\n<div><span style=\"font-size: large;\">-T\u00fcrkiye ve 1929\u2019da Sovyetler Birli\u011fi de kat\u0131ld\u0131.<\/span><\/div>\n<div><span style=\"font-size: large;\">-Briand-Kellog Pakt\u0131 ile \u201csavunmaya dayanmayan sava\u015f\u201d kanun d\u0131\u015f\u0131 say\u0131lm\u0131\u015f fakat bu pakt hayata ge\u00e7irilememi\u015ftir.<\/span><\/div>\n<\/div>\n<div><span style=\"font-size: large;\"><br \/><\/span><\/div>\n<div><span style=\"font-size: large;\"><br \/><\/span><\/div>\n<div>\n<div><span style=\"background-color: #fcff01; font-size: large;\"><b><br \/>\n<ins\n     style=\"display:block; text-align:center;\"\n     data-ad-layout=\"in-article\"\n     data-ad-format=\"fluid\"\n     data-ad-client=\"ca-pub-8292832365502904\"\n     data-ad-slot=\"4993116891\"><\/ins><br \/>\nD\u00fcnya Ekonomik Bunal\u0131m\u0131 (Kara Per\u015fembe)<\/b><\/span><\/div>\n<\/div>\n<div>\n<div><span style=\"font-size: large;\">-1929 D\u00fcnya Ekonomik Bunal\u0131m\u0131, dar anlam\u0131yla New York Borsas\u0131n\u0131n \u00e7\u00f6kmesidir.<\/span><\/div>\n<div><span style=\"font-size: large;\">-ABD\u2019de I. D\u00fcnya Sava\u015f\u0131\u2019n\u0131n getirdi\u011fi zorluklar kar\u015f\u0131s\u0131nda k\u00fc\u00e7\u00fck \u015firketler birle\u015fmi\u015f ve tekeller olu\u015fmu\u015ftur.<\/span><\/div>\n<div><span style=\"font-size: large;\">-ABD I. D\u00fcnya Sava\u015f\u0131 \u00f6ncesinde ve s\u0131ras\u0131nda Avrupal\u0131 devletlere b\u00fcy\u00fck \u00f6l\u00e7ekte kredi bor\u00e7lar vermi\u015fti.<\/span><\/div>\n<div><span style=\"font-size: large;\">-Amerikan ekonomisi s\u0131k\u0131nt\u0131ya girince ABD y\u00f6netimi bu bor\u00e7lar\u0131n \u00f6denmesini istedi fakat bor\u00e7 alan devletlerin bunu \u00f6demesi m\u00fcmk\u00fcn olmad\u0131.<\/span><\/div>\n<\/div>\n<div>\n<div><span style=\"font-size: large;\">-Bu geli\u015fmeler \u00fczerine para politikas\u0131ndan sorumlu Amerikal\u0131 yetkililer, 1929 yaz\u0131nda kredileri k\u0131s\u0131tlamaya karar verdiler.<\/span><\/div>\n<div><span style=\"font-size: large;\">-Bu karar sonras\u0131nda New York Wall Street (Niv York Vol Sitrit) Borsas\u0131 d\u00fc\u015f\u00fc\u015fe ge\u00e7ti.<\/span><\/div>\n<div><span style=\"font-size: large;\">-\u201cKara Per\u015fembe\u201d olarak adland\u0131r\u0131lan 24 Ekim 1929 Per\u015fembe g\u00fcn\u00fc on iki milyon hissenin sat\u0131\u015fa sunulmas\u0131yla New York borsas\u0131 \u00e7\u00f6kt\u00fc.<\/span><\/div>\n<\/div>\n<div>\n<div><span style=\"font-size: large;\">-Bir\u00e7ok banka batt\u0131, y\u00fczlerce \u015firket iflas etti, fabrikalar kapand\u0131.<\/span><\/div>\n<div><span style=\"font-size: large;\">-Milyonlarca insan i\u015fsiz kald\u0131. K\u00f6ylerde topraklar terk edildi.<\/span><\/div>\n<div><span style=\"font-size: large;\">-Pek \u00e7ok ki\u015fi mal varl\u0131\u011f\u0131n\u0131 kaybetti, insanlar\u0131n ya\u015fam ko\u015fullar\u0131 k\u00f6t\u00fcle\u015fti.<\/span><\/div>\n<div><span style=\"font-size: large;\">ABD\u2019de 1932\u2019de yap\u0131lan se\u00e7imle Franklin D. Roosevelt (Franklin Di Rozvel) ba\u015fkan oldu. Roosevelt, New Deal (Yeni Antla\u015fma) olarak bilinen ekonomik politikalar\u0131 hayata ge\u00e7irdi.<\/span><\/div>\n<div><span style=\"font-size: large;\">Siyasi de\u011fi\u015fimler sonucunda bir\u00e7ok \u00fclkede sava\u015f yanl\u0131s\u0131 ve fiilen sald\u0131rgan partiler zafer kazand\u0131, silahlanma yar\u0131\u015f\u0131 h\u0131z kazand\u0131.<\/span><\/div>\n<div><span style=\"font-size: large;\">&#8211; Bu durum II. D\u00fcnya Sava\u015f\u0131\u2019n\u0131n kap\u0131lar\u0131n\u0131 a\u00e7t\u0131.<\/span><\/div>\n<\/div>\n<div><span style=\"font-size: large;\"><br \/><\/span><\/div>\n<div><span style=\"font-size: large;\"><b style=\"background-color: #fcff01;\"><br \/><\/b><\/span><\/div>\n<div>\n<div><span style=\"font-size: large;\"><b style=\"background-color: #fcff01;\">Almanya\u2019daki Hiper Enflasyonun Siyasi ve Sosyal Sonu\u00e7lar\u0131<\/b><\/span><\/div>\n<\/div>\n<div><span style=\"font-size: large;\"><br \/><\/span><\/div>\n<div>\n<div><span style=\"font-size: large;\">-Versay sonras\u0131 Almanya\u2019da i\u00e7 siyasi \u00e7eki\u015fmeler ve ekonominin bozulmas\u0131, durumu i\u00e7inden \u00e7\u0131k\u0131lmaz bir h\u00e2le soktu.<\/span><\/div>\n<div><span style=\"font-size: large;\">&#8211; Almanya\u2019da Bol\u015feviklerin k\u0131\u015fk\u0131rtmalar\u0131 sonucu Alman sosyal demokratlar\u0131 ile mevcut iktidar yanl\u0131lar\u0131 aras\u0131nda \u00e7at\u0131\u015fmalar ya\u015fand\u0131.<\/span><\/div>\n<div><span style=\"font-size: large;\">&#8211; 1919\u2019da isyana d\u00f6n\u00fc\u015fen \u00e7at\u0131\u015fmalar\u0131 1920\u2019de darbe giri\u015fimi takip etti.<\/span><\/div>\n<div><span style=\"font-size: large;\">&#8211; Siyasi istikrars\u0131zl\u0131k ve kaos \u00f6ncesinde Versay Antla\u015fmas\u0131\u2019ndan do\u011fan y\u00fck\u00fcml\u00fcl\u00fckler ekonomik durumu daha da k\u00f6t\u00fcle\u015ftirdi.<\/span><\/div>\n<\/div>\n<div>\n<div><span style=\"font-size: large;\">&#8211; Bu durum hiper (y\u00fcksek) enflasyona neden oldu.<\/span><\/div>\n<div><span style=\"font-size: large;\">&#8211; Y\u00fcksek enflasyonun getirdi\u011fi a\u011f\u0131r ko\u015fullar, Almanya\u2019n\u0131n i\u00e7 d\u00fczenindeki bunal\u0131m\u0131 daha da art\u0131rd\u0131.<\/span><\/div>\n<div><span style=\"font-size: large;\">&#8211; Almanya\u2019da Hitler\u2019in Nazi Partisi g\u00fc\u00e7lenirken kom\u00fcnist devrimci siyasal hareketler h\u0131z kazand\u0131.<\/span><\/div>\n<div><span style=\"font-size: large;\">Toplumda derin ayr\u0131\u015fmalar oldu ve Alman demokrasisi kesintiye u\u011frad\u0131.&nbsp;<\/span><\/div>\n<div><span style=\"font-size: large;\">Devlete olan g\u00fcven azald\u0131, Alman \u0131rk\u00e7\u0131l\u0131\u011f\u0131 g\u00fc\u00e7lendi ve di\u011fer milletlere kar\u015f\u0131 bir tepki do\u011fdu.<\/span><\/div>\n<\/div>\n<div><\/div>\n<p><ins\n     style=\"display:block; text-align:center;\"\n     data-ad-layout=\"in-article\"\n     data-ad-format=\"fluid\"\n     data-ad-client=\"ca-pub-8292832365502904\"\n     data-ad-slot=\"4993116891\"><\/ins><\/p>\n","protected":false},"excerpt":{"rendered":"<div class=\"mh-excerpt\"><p>&nbsp; Tarih ders notlar\u0131, yks tarih ders notlar\u0131, ayt tarih ders notlar\u0131, tyt tarih ders notlar\u0131, tarih \u00f6zet, tarih 9 ders notlar\u0131, tarih 10 ders <a class=\"mh-excerpt-more\" href=\"https:\/\/tarihkursu.com\/index.php\/2020\/10\/22\/iki-dunya-savasi-arasindaki-donemde-dunyada-meydana-gelen-siyasi-ve-ekonomik-gelismeler\/\" title=\"\u0130K\u0130 D\u00dcNYA SAVA\u015eI ARASINDAK\u0130 D\u00d6NEMDE D\u00dcNYADA MEYDANA GELEN S\u0130YAS\u0130 VE EKONOM\u0130K GEL\u0130\u015eMELER\">[&#8230;]<\/a><\/p>\n<\/div>","protected":false},"author":2,"featured_media":0,"comment_status":"open","ping_status":"open","sticky":false,"template":"","format":"standard","meta":{"_regular_price":[],"currency_symbol":[],"footnotes":""},"categories":[58,41],"tags":[],"class_list":["post-497","post","type-post","status-publish","format-standard","hentry","category-ders-notlari","category-tarih-ozet"],"post_slider_layout_featured_media_urls":{"thumbnail":"","post_slider_layout_landscape_large":"","post_slider_layout_portrait_large":"","post_slider_layout_square_large":"","post_slider_layout_landscape":"","post_slider_layout_portrait":"","post_slider_layout_square":"","full":""},"yoast_head":"<!-- This site is optimized with the Yoast SEO plugin v27.5 - https:\/\/yoast.com\/product\/yoast-seo-wordpress\/ -->\n<title>\u0130K\u0130 D\u00dcNYA SAVA\u015eI ARASINDAK\u0130 D\u00d6NEMDE D\u00dcNYADA MEYDANA GELEN S\u0130YAS\u0130 VE EKONOM\u0130K GEL\u0130\u015eMELER - tarihkursu.com<\/title>\n<meta name=\"robots\" content=\"index, follow, max-snippet:-1, max-image-preview:large, max-video-preview:-1\" \/>\n<link rel=\"canonical\" href=\"https:\/\/tarihkursu.com\/index.php\/2020\/10\/22\/iki-dunya-savasi-arasindaki-donemde-dunyada-meydana-gelen-siyasi-ve-ekonomik-gelismeler\/\" \/>\n<meta property=\"og:locale\" content=\"tr_TR\" \/>\n<meta property=\"og:type\" content=\"article\" \/>\n<meta property=\"og:title\" content=\"\u0130K\u0130 D\u00dcNYA SAVA\u015eI ARASINDAK\u0130 D\u00d6NEMDE D\u00dcNYADA MEYDANA GELEN S\u0130YAS\u0130 VE EKONOM\u0130K GEL\u0130\u015eMELER - tarihkursu.com\" \/>\n<meta property=\"og:description\" content=\"&nbsp; Tarih ders notlar\u0131, yks tarih ders notlar\u0131, ayt tarih ders notlar\u0131, tyt tarih ders notlar\u0131, tarih \u00f6zet, tarih 9 ders notlar\u0131, tarih 10 ders [...]\" \/>\n<meta property=\"og:url\" content=\"https:\/\/tarihkursu.com\/index.php\/2020\/10\/22\/iki-dunya-savasi-arasindaki-donemde-dunyada-meydana-gelen-siyasi-ve-ekonomik-gelismeler\/\" \/>\n<meta property=\"og:site_name\" content=\"tarihkursu.com\" \/>\n<meta property=\"article:published_time\" content=\"2020-10-22T11:29:00+00:00\" \/>\n<meta property=\"og:image\" content=\"https:\/\/blogger.googleusercontent.com\/img\/b\/R29vZ2xl\/AVvXsEhFup7NmNDUnKTO6u8P2BfW2rkq7i9t_yNYsoel-rT_gAv7Y7M_vGlEDfCXJHbSPKnKBOKHGQnWsQ89r1bti129so0Cwp9aIIM1gc6Kogkb1aLYVfYj9fTBjepdy9nTjP41VIxIEJZJ0oGF\/w456-h256\/DERS+NOTLARI+YEN%25C4%25B0.jpg\" \/>\n<meta name=\"author\" content=\"tarihkursu\" \/>\n<meta name=\"twitter:card\" content=\"summary_large_image\" \/>\n<meta name=\"twitter:label1\" content=\"Yazan:\" \/>\n\t<meta name=\"twitter:data1\" content=\"tarihkursu\" \/>\n\t<meta name=\"twitter:label2\" content=\"Tahmini okuma s\u00fcresi\" \/>\n\t<meta name=\"twitter:data2\" content=\"5 dakika\" \/>\n<script type=\"application\/ld+json\" class=\"yoast-schema-graph\">{\"@context\":\"https:\\\/\\\/schema.org\",\"@graph\":[{\"@type\":\"Article\",\"@id\":\"https:\\\/\\\/tarihkursu.com\\\/index.php\\\/2020\\\/10\\\/22\\\/iki-dunya-savasi-arasindaki-donemde-dunyada-meydana-gelen-siyasi-ve-ekonomik-gelismeler\\\/#article\",\"isPartOf\":{\"@id\":\"https:\\\/\\\/tarihkursu.com\\\/index.php\\\/2020\\\/10\\\/22\\\/iki-dunya-savasi-arasindaki-donemde-dunyada-meydana-gelen-siyasi-ve-ekonomik-gelismeler\\\/\"},\"author\":{\"name\":\"tarihkursu\",\"@id\":\"https:\\\/\\\/tarihkursu.com\\\/#\\\/schema\\\/person\\\/d0f9105e31352dbe9f08d098ffb8c878\"},\"headline\":\"\u0130K\u0130 D\u00dcNYA SAVA\u015eI ARASINDAK\u0130 D\u00d6NEMDE D\u00dcNYADA MEYDANA GELEN S\u0130YAS\u0130 VE EKONOM\u0130K GEL\u0130\u015eMELER\",\"datePublished\":\"2020-10-22T11:29:00+00:00\",\"mainEntityOfPage\":{\"@id\":\"https:\\\/\\\/tarihkursu.com\\\/index.php\\\/2020\\\/10\\\/22\\\/iki-dunya-savasi-arasindaki-donemde-dunyada-meydana-gelen-siyasi-ve-ekonomik-gelismeler\\\/\"},\"wordCount\":947,\"commentCount\":0,\"publisher\":{\"@id\":\"https:\\\/\\\/tarihkursu.com\\\/#\\\/schema\\\/person\\\/4d7bdc3b79e9f5198455474c0f203f3c\"},\"image\":{\"@id\":\"https:\\\/\\\/tarihkursu.com\\\/index.php\\\/2020\\\/10\\\/22\\\/iki-dunya-savasi-arasindaki-donemde-dunyada-meydana-gelen-siyasi-ve-ekonomik-gelismeler\\\/#primaryimage\"},\"thumbnailUrl\":\"https:\\\/\\\/blogger.googleusercontent.com\\\/img\\\/b\\\/R29vZ2xl\\\/AVvXsEhFup7NmNDUnKTO6u8P2BfW2rkq7i9t_yNYsoel-rT_gAv7Y7M_vGlEDfCXJHbSPKnKBOKHGQnWsQ89r1bti129so0Cwp9aIIM1gc6Kogkb1aLYVfYj9fTBjepdy9nTjP41VIxIEJZJ0oGF\\\/w456-h256\\\/DERS+NOTLARI+YEN%25C4%25B0.jpg\",\"articleSection\":[\"Ders Notlar\u0131\",\"TAR\u0130H \u00d6ZET\"],\"inLanguage\":\"tr\",\"potentialAction\":[{\"@type\":\"CommentAction\",\"name\":\"Comment\",\"target\":[\"https:\\\/\\\/tarihkursu.com\\\/index.php\\\/2020\\\/10\\\/22\\\/iki-dunya-savasi-arasindaki-donemde-dunyada-meydana-gelen-siyasi-ve-ekonomik-gelismeler\\\/#respond\"]}]},{\"@type\":\"WebPage\",\"@id\":\"https:\\\/\\\/tarihkursu.com\\\/index.php\\\/2020\\\/10\\\/22\\\/iki-dunya-savasi-arasindaki-donemde-dunyada-meydana-gelen-siyasi-ve-ekonomik-gelismeler\\\/\",\"url\":\"https:\\\/\\\/tarihkursu.com\\\/index.php\\\/2020\\\/10\\\/22\\\/iki-dunya-savasi-arasindaki-donemde-dunyada-meydana-gelen-siyasi-ve-ekonomik-gelismeler\\\/\",\"name\":\"\u0130K\u0130 D\u00dcNYA SAVA\u015eI ARASINDAK\u0130 D\u00d6NEMDE D\u00dcNYADA MEYDANA GELEN S\u0130YAS\u0130 VE EKONOM\u0130K GEL\u0130\u015eMELER - tarihkursu.com\",\"isPartOf\":{\"@id\":\"https:\\\/\\\/tarihkursu.com\\\/#website\"},\"primaryImageOfPage\":{\"@id\":\"https:\\\/\\\/tarihkursu.com\\\/index.php\\\/2020\\\/10\\\/22\\\/iki-dunya-savasi-arasindaki-donemde-dunyada-meydana-gelen-siyasi-ve-ekonomik-gelismeler\\\/#primaryimage\"},\"image\":{\"@id\":\"https:\\\/\\\/tarihkursu.com\\\/index.php\\\/2020\\\/10\\\/22\\\/iki-dunya-savasi-arasindaki-donemde-dunyada-meydana-gelen-siyasi-ve-ekonomik-gelismeler\\\/#primaryimage\"},\"thumbnailUrl\":\"https:\\\/\\\/blogger.googleusercontent.com\\\/img\\\/b\\\/R29vZ2xl\\\/AVvXsEhFup7NmNDUnKTO6u8P2BfW2rkq7i9t_yNYsoel-rT_gAv7Y7M_vGlEDfCXJHbSPKnKBOKHGQnWsQ89r1bti129so0Cwp9aIIM1gc6Kogkb1aLYVfYj9fTBjepdy9nTjP41VIxIEJZJ0oGF\\\/w456-h256\\\/DERS+NOTLARI+YEN%25C4%25B0.jpg\",\"datePublished\":\"2020-10-22T11:29:00+00:00\",\"breadcrumb\":{\"@id\":\"https:\\\/\\\/tarihkursu.com\\\/index.php\\\/2020\\\/10\\\/22\\\/iki-dunya-savasi-arasindaki-donemde-dunyada-meydana-gelen-siyasi-ve-ekonomik-gelismeler\\\/#breadcrumb\"},\"inLanguage\":\"tr\",\"potentialAction\":[{\"@type\":\"ReadAction\",\"target\":[\"https:\\\/\\\/tarihkursu.com\\\/index.php\\\/2020\\\/10\\\/22\\\/iki-dunya-savasi-arasindaki-donemde-dunyada-meydana-gelen-siyasi-ve-ekonomik-gelismeler\\\/\"]}]},{\"@type\":\"ImageObject\",\"inLanguage\":\"tr\",\"@id\":\"https:\\\/\\\/tarihkursu.com\\\/index.php\\\/2020\\\/10\\\/22\\\/iki-dunya-savasi-arasindaki-donemde-dunyada-meydana-gelen-siyasi-ve-ekonomik-gelismeler\\\/#primaryimage\",\"url\":\"https:\\\/\\\/blogger.googleusercontent.com\\\/img\\\/b\\\/R29vZ2xl\\\/AVvXsEhFup7NmNDUnKTO6u8P2BfW2rkq7i9t_yNYsoel-rT_gAv7Y7M_vGlEDfCXJHbSPKnKBOKHGQnWsQ89r1bti129so0Cwp9aIIM1gc6Kogkb1aLYVfYj9fTBjepdy9nTjP41VIxIEJZJ0oGF\\\/w456-h256\\\/DERS+NOTLARI+YEN%25C4%25B0.jpg\",\"contentUrl\":\"https:\\\/\\\/blogger.googleusercontent.com\\\/img\\\/b\\\/R29vZ2xl\\\/AVvXsEhFup7NmNDUnKTO6u8P2BfW2rkq7i9t_yNYsoel-rT_gAv7Y7M_vGlEDfCXJHbSPKnKBOKHGQnWsQ89r1bti129so0Cwp9aIIM1gc6Kogkb1aLYVfYj9fTBjepdy9nTjP41VIxIEJZJ0oGF\\\/w456-h256\\\/DERS+NOTLARI+YEN%25C4%25B0.jpg\"},{\"@type\":\"BreadcrumbList\",\"@id\":\"https:\\\/\\\/tarihkursu.com\\\/index.php\\\/2020\\\/10\\\/22\\\/iki-dunya-savasi-arasindaki-donemde-dunyada-meydana-gelen-siyasi-ve-ekonomik-gelismeler\\\/#breadcrumb\",\"itemListElement\":[{\"@type\":\"ListItem\",\"position\":1,\"name\":\"Anasayfa\",\"item\":\"https:\\\/\\\/tarihkursu.com\\\/\"},{\"@type\":\"ListItem\",\"position\":2,\"name\":\"\u0130K\u0130 D\u00dcNYA SAVA\u015eI ARASINDAK\u0130 D\u00d6NEMDE D\u00dcNYADA MEYDANA GELEN S\u0130YAS\u0130 VE EKONOM\u0130K GEL\u0130\u015eMELER\"}]},{\"@type\":\"WebSite\",\"@id\":\"https:\\\/\\\/tarihkursu.com\\\/#website\",\"url\":\"https:\\\/\\\/tarihkursu.com\\\/\",\"name\":\"Tarih Kursu\",\"description\":\"\u0130\u015fimiz G\u00fcc\u00fcm\u00fcz Tarih\",\"publisher\":{\"@id\":\"https:\\\/\\\/tarihkursu.com\\\/#\\\/schema\\\/person\\\/4d7bdc3b79e9f5198455474c0f203f3c\"},\"potentialAction\":[{\"@type\":\"SearchAction\",\"target\":{\"@type\":\"EntryPoint\",\"urlTemplate\":\"https:\\\/\\\/tarihkursu.com\\\/?s={search_term_string}\"},\"query-input\":{\"@type\":\"PropertyValueSpecification\",\"valueRequired\":true,\"valueName\":\"search_term_string\"}}],\"inLanguage\":\"tr\"},{\"@type\":[\"Person\",\"Organization\"],\"@id\":\"https:\\\/\\\/tarihkursu.com\\\/#\\\/schema\\\/person\\\/4d7bdc3b79e9f5198455474c0f203f3c\",\"name\":\"admin\",\"image\":{\"@type\":\"ImageObject\",\"inLanguage\":\"tr\",\"@id\":\"https:\\\/\\\/tarihkursu.com\\\/wp-content\\\/uploads\\\/2024\\\/10\\\/TARIHKURSU-Kopyasi.png\",\"url\":\"https:\\\/\\\/tarihkursu.com\\\/wp-content\\\/uploads\\\/2024\\\/10\\\/TARIHKURSU-Kopyasi.png\",\"contentUrl\":\"https:\\\/\\\/tarihkursu.com\\\/wp-content\\\/uploads\\\/2024\\\/10\\\/TARIHKURSU-Kopyasi.png\",\"width\":1080,\"height\":1080,\"caption\":\"admin\"},\"logo\":{\"@id\":\"https:\\\/\\\/tarihkursu.com\\\/wp-content\\\/uploads\\\/2024\\\/10\\\/TARIHKURSU-Kopyasi.png\"},\"sameAs\":[\"https:\\\/\\\/tarihkursu.com\"]},{\"@type\":\"Person\",\"@id\":\"https:\\\/\\\/tarihkursu.com\\\/#\\\/schema\\\/person\\\/d0f9105e31352dbe9f08d098ffb8c878\",\"name\":\"tarihkursu\",\"image\":{\"@type\":\"ImageObject\",\"inLanguage\":\"tr\",\"@id\":\"https:\\\/\\\/secure.gravatar.com\\\/avatar\\\/1354763acbc865faa7650c3e1e4431f187276d71f132349411302a546cdeae54?s=96&d=mm&r=g\",\"url\":\"https:\\\/\\\/secure.gravatar.com\\\/avatar\\\/1354763acbc865faa7650c3e1e4431f187276d71f132349411302a546cdeae54?s=96&d=mm&r=g\",\"contentUrl\":\"https:\\\/\\\/secure.gravatar.com\\\/avatar\\\/1354763acbc865faa7650c3e1e4431f187276d71f132349411302a546cdeae54?s=96&d=mm&r=g\",\"caption\":\"tarihkursu\"},\"url\":\"https:\\\/\\\/tarihkursu.com\\\/index.php\\\/author\\\/tarihkursu\\\/\"}]}<\/script>\n<!-- \/ Yoast SEO plugin. -->","yoast_head_json":{"title":"\u0130K\u0130 D\u00dcNYA SAVA\u015eI ARASINDAK\u0130 D\u00d6NEMDE D\u00dcNYADA MEYDANA GELEN S\u0130YAS\u0130 VE EKONOM\u0130K GEL\u0130\u015eMELER - tarihkursu.com","robots":{"index":"index","follow":"follow","max-snippet":"max-snippet:-1","max-image-preview":"max-image-preview:large","max-video-preview":"max-video-preview:-1"},"canonical":"https:\/\/tarihkursu.com\/index.php\/2020\/10\/22\/iki-dunya-savasi-arasindaki-donemde-dunyada-meydana-gelen-siyasi-ve-ekonomik-gelismeler\/","og_locale":"tr_TR","og_type":"article","og_title":"\u0130K\u0130 D\u00dcNYA SAVA\u015eI ARASINDAK\u0130 D\u00d6NEMDE D\u00dcNYADA MEYDANA GELEN S\u0130YAS\u0130 VE EKONOM\u0130K GEL\u0130\u015eMELER - tarihkursu.com","og_description":"&nbsp; Tarih ders notlar\u0131, yks tarih ders notlar\u0131, ayt tarih ders notlar\u0131, tyt tarih ders notlar\u0131, tarih \u00f6zet, tarih 9 ders notlar\u0131, tarih 10 ders [...]","og_url":"https:\/\/tarihkursu.com\/index.php\/2020\/10\/22\/iki-dunya-savasi-arasindaki-donemde-dunyada-meydana-gelen-siyasi-ve-ekonomik-gelismeler\/","og_site_name":"tarihkursu.com","article_published_time":"2020-10-22T11:29:00+00:00","og_image":[{"url":"https:\/\/blogger.googleusercontent.com\/img\/b\/R29vZ2xl\/AVvXsEhFup7NmNDUnKTO6u8P2BfW2rkq7i9t_yNYsoel-rT_gAv7Y7M_vGlEDfCXJHbSPKnKBOKHGQnWsQ89r1bti129so0Cwp9aIIM1gc6Kogkb1aLYVfYj9fTBjepdy9nTjP41VIxIEJZJ0oGF\/w456-h256\/DERS+NOTLARI+YEN%25C4%25B0.jpg","type":"","width":"","height":""}],"author":"tarihkursu","twitter_card":"summary_large_image","twitter_misc":{"Yazan:":"tarihkursu","Tahmini okuma s\u00fcresi":"5 dakika"},"schema":{"@context":"https:\/\/schema.org","@graph":[{"@type":"Article","@id":"https:\/\/tarihkursu.com\/index.php\/2020\/10\/22\/iki-dunya-savasi-arasindaki-donemde-dunyada-meydana-gelen-siyasi-ve-ekonomik-gelismeler\/#article","isPartOf":{"@id":"https:\/\/tarihkursu.com\/index.php\/2020\/10\/22\/iki-dunya-savasi-arasindaki-donemde-dunyada-meydana-gelen-siyasi-ve-ekonomik-gelismeler\/"},"author":{"name":"tarihkursu","@id":"https:\/\/tarihkursu.com\/#\/schema\/person\/d0f9105e31352dbe9f08d098ffb8c878"},"headline":"\u0130K\u0130 D\u00dcNYA SAVA\u015eI ARASINDAK\u0130 D\u00d6NEMDE D\u00dcNYADA MEYDANA GELEN S\u0130YAS\u0130 VE EKONOM\u0130K GEL\u0130\u015eMELER","datePublished":"2020-10-22T11:29:00+00:00","mainEntityOfPage":{"@id":"https:\/\/tarihkursu.com\/index.php\/2020\/10\/22\/iki-dunya-savasi-arasindaki-donemde-dunyada-meydana-gelen-siyasi-ve-ekonomik-gelismeler\/"},"wordCount":947,"commentCount":0,"publisher":{"@id":"https:\/\/tarihkursu.com\/#\/schema\/person\/4d7bdc3b79e9f5198455474c0f203f3c"},"image":{"@id":"https:\/\/tarihkursu.com\/index.php\/2020\/10\/22\/iki-dunya-savasi-arasindaki-donemde-dunyada-meydana-gelen-siyasi-ve-ekonomik-gelismeler\/#primaryimage"},"thumbnailUrl":"https:\/\/blogger.googleusercontent.com\/img\/b\/R29vZ2xl\/AVvXsEhFup7NmNDUnKTO6u8P2BfW2rkq7i9t_yNYsoel-rT_gAv7Y7M_vGlEDfCXJHbSPKnKBOKHGQnWsQ89r1bti129so0Cwp9aIIM1gc6Kogkb1aLYVfYj9fTBjepdy9nTjP41VIxIEJZJ0oGF\/w456-h256\/DERS+NOTLARI+YEN%25C4%25B0.jpg","articleSection":["Ders Notlar\u0131","TAR\u0130H \u00d6ZET"],"inLanguage":"tr","potentialAction":[{"@type":"CommentAction","name":"Comment","target":["https:\/\/tarihkursu.com\/index.php\/2020\/10\/22\/iki-dunya-savasi-arasindaki-donemde-dunyada-meydana-gelen-siyasi-ve-ekonomik-gelismeler\/#respond"]}]},{"@type":"WebPage","@id":"https:\/\/tarihkursu.com\/index.php\/2020\/10\/22\/iki-dunya-savasi-arasindaki-donemde-dunyada-meydana-gelen-siyasi-ve-ekonomik-gelismeler\/","url":"https:\/\/tarihkursu.com\/index.php\/2020\/10\/22\/iki-dunya-savasi-arasindaki-donemde-dunyada-meydana-gelen-siyasi-ve-ekonomik-gelismeler\/","name":"\u0130K\u0130 D\u00dcNYA SAVA\u015eI ARASINDAK\u0130 D\u00d6NEMDE D\u00dcNYADA MEYDANA GELEN S\u0130YAS\u0130 VE EKONOM\u0130K GEL\u0130\u015eMELER - tarihkursu.com","isPartOf":{"@id":"https:\/\/tarihkursu.com\/#website"},"primaryImageOfPage":{"@id":"https:\/\/tarihkursu.com\/index.php\/2020\/10\/22\/iki-dunya-savasi-arasindaki-donemde-dunyada-meydana-gelen-siyasi-ve-ekonomik-gelismeler\/#primaryimage"},"image":{"@id":"https:\/\/tarihkursu.com\/index.php\/2020\/10\/22\/iki-dunya-savasi-arasindaki-donemde-dunyada-meydana-gelen-siyasi-ve-ekonomik-gelismeler\/#primaryimage"},"thumbnailUrl":"https:\/\/blogger.googleusercontent.com\/img\/b\/R29vZ2xl\/AVvXsEhFup7NmNDUnKTO6u8P2BfW2rkq7i9t_yNYsoel-rT_gAv7Y7M_vGlEDfCXJHbSPKnKBOKHGQnWsQ89r1bti129so0Cwp9aIIM1gc6Kogkb1aLYVfYj9fTBjepdy9nTjP41VIxIEJZJ0oGF\/w456-h256\/DERS+NOTLARI+YEN%25C4%25B0.jpg","datePublished":"2020-10-22T11:29:00+00:00","breadcrumb":{"@id":"https:\/\/tarihkursu.com\/index.php\/2020\/10\/22\/iki-dunya-savasi-arasindaki-donemde-dunyada-meydana-gelen-siyasi-ve-ekonomik-gelismeler\/#breadcrumb"},"inLanguage":"tr","potentialAction":[{"@type":"ReadAction","target":["https:\/\/tarihkursu.com\/index.php\/2020\/10\/22\/iki-dunya-savasi-arasindaki-donemde-dunyada-meydana-gelen-siyasi-ve-ekonomik-gelismeler\/"]}]},{"@type":"ImageObject","inLanguage":"tr","@id":"https:\/\/tarihkursu.com\/index.php\/2020\/10\/22\/iki-dunya-savasi-arasindaki-donemde-dunyada-meydana-gelen-siyasi-ve-ekonomik-gelismeler\/#primaryimage","url":"https:\/\/blogger.googleusercontent.com\/img\/b\/R29vZ2xl\/AVvXsEhFup7NmNDUnKTO6u8P2BfW2rkq7i9t_yNYsoel-rT_gAv7Y7M_vGlEDfCXJHbSPKnKBOKHGQnWsQ89r1bti129so0Cwp9aIIM1gc6Kogkb1aLYVfYj9fTBjepdy9nTjP41VIxIEJZJ0oGF\/w456-h256\/DERS+NOTLARI+YEN%25C4%25B0.jpg","contentUrl":"https:\/\/blogger.googleusercontent.com\/img\/b\/R29vZ2xl\/AVvXsEhFup7NmNDUnKTO6u8P2BfW2rkq7i9t_yNYsoel-rT_gAv7Y7M_vGlEDfCXJHbSPKnKBOKHGQnWsQ89r1bti129so0Cwp9aIIM1gc6Kogkb1aLYVfYj9fTBjepdy9nTjP41VIxIEJZJ0oGF\/w456-h256\/DERS+NOTLARI+YEN%25C4%25B0.jpg"},{"@type":"BreadcrumbList","@id":"https:\/\/tarihkursu.com\/index.php\/2020\/10\/22\/iki-dunya-savasi-arasindaki-donemde-dunyada-meydana-gelen-siyasi-ve-ekonomik-gelismeler\/#breadcrumb","itemListElement":[{"@type":"ListItem","position":1,"name":"Anasayfa","item":"https:\/\/tarihkursu.com\/"},{"@type":"ListItem","position":2,"name":"\u0130K\u0130 D\u00dcNYA SAVA\u015eI ARASINDAK\u0130 D\u00d6NEMDE D\u00dcNYADA MEYDANA GELEN S\u0130YAS\u0130 VE EKONOM\u0130K GEL\u0130\u015eMELER"}]},{"@type":"WebSite","@id":"https:\/\/tarihkursu.com\/#website","url":"https:\/\/tarihkursu.com\/","name":"Tarih Kursu","description":"\u0130\u015fimiz G\u00fcc\u00fcm\u00fcz Tarih","publisher":{"@id":"https:\/\/tarihkursu.com\/#\/schema\/person\/4d7bdc3b79e9f5198455474c0f203f3c"},"potentialAction":[{"@type":"SearchAction","target":{"@type":"EntryPoint","urlTemplate":"https:\/\/tarihkursu.com\/?s={search_term_string}"},"query-input":{"@type":"PropertyValueSpecification","valueRequired":true,"valueName":"search_term_string"}}],"inLanguage":"tr"},{"@type":["Person","Organization"],"@id":"https:\/\/tarihkursu.com\/#\/schema\/person\/4d7bdc3b79e9f5198455474c0f203f3c","name":"admin","image":{"@type":"ImageObject","inLanguage":"tr","@id":"https:\/\/tarihkursu.com\/wp-content\/uploads\/2024\/10\/TARIHKURSU-Kopyasi.png","url":"https:\/\/tarihkursu.com\/wp-content\/uploads\/2024\/10\/TARIHKURSU-Kopyasi.png","contentUrl":"https:\/\/tarihkursu.com\/wp-content\/uploads\/2024\/10\/TARIHKURSU-Kopyasi.png","width":1080,"height":1080,"caption":"admin"},"logo":{"@id":"https:\/\/tarihkursu.com\/wp-content\/uploads\/2024\/10\/TARIHKURSU-Kopyasi.png"},"sameAs":["https:\/\/tarihkursu.com"]},{"@type":"Person","@id":"https:\/\/tarihkursu.com\/#\/schema\/person\/d0f9105e31352dbe9f08d098ffb8c878","name":"tarihkursu","image":{"@type":"ImageObject","inLanguage":"tr","@id":"https:\/\/secure.gravatar.com\/avatar\/1354763acbc865faa7650c3e1e4431f187276d71f132349411302a546cdeae54?s=96&d=mm&r=g","url":"https:\/\/secure.gravatar.com\/avatar\/1354763acbc865faa7650c3e1e4431f187276d71f132349411302a546cdeae54?s=96&d=mm&r=g","contentUrl":"https:\/\/secure.gravatar.com\/avatar\/1354763acbc865faa7650c3e1e4431f187276d71f132349411302a546cdeae54?s=96&d=mm&r=g","caption":"tarihkursu"},"url":"https:\/\/tarihkursu.com\/index.php\/author\/tarihkursu\/"}]}},"_links":{"self":[{"href":"https:\/\/tarihkursu.com\/index.php\/wp-json\/wp\/v2\/posts\/497","targetHints":{"allow":["GET"]}}],"collection":[{"href":"https:\/\/tarihkursu.com\/index.php\/wp-json\/wp\/v2\/posts"}],"about":[{"href":"https:\/\/tarihkursu.com\/index.php\/wp-json\/wp\/v2\/types\/post"}],"author":[{"embeddable":true,"href":"https:\/\/tarihkursu.com\/index.php\/wp-json\/wp\/v2\/users\/2"}],"replies":[{"embeddable":true,"href":"https:\/\/tarihkursu.com\/index.php\/wp-json\/wp\/v2\/comments?post=497"}],"version-history":[{"count":0,"href":"https:\/\/tarihkursu.com\/index.php\/wp-json\/wp\/v2\/posts\/497\/revisions"}],"wp:attachment":[{"href":"https:\/\/tarihkursu.com\/index.php\/wp-json\/wp\/v2\/media?parent=497"}],"wp:term":[{"taxonomy":"category","embeddable":true,"href":"https:\/\/tarihkursu.com\/index.php\/wp-json\/wp\/v2\/categories?post=497"},{"taxonomy":"post_tag","embeddable":true,"href":"https:\/\/tarihkursu.com\/index.php\/wp-json\/wp\/v2\/tags?post=497"}],"curies":[{"name":"wp","href":"https:\/\/api.w.org\/{rel}","templated":true}]}}