{"id":501,"date":"2020-09-27T18:49:00","date_gmt":"2020-09-27T15:49:00","guid":{"rendered":"https:\/\/tarihkursu.com\/index.php\/2020\/09\/27\/1-1-i-dunya-savasinin-siyasi-ve-ekonomik-sonuclari\/"},"modified":"2020-09-27T18:49:00","modified_gmt":"2020-09-27T15:49:00","slug":"1-1-i-dunya-savasinin-siyasi-ve-ekonomik-sonuclari","status":"publish","type":"post","link":"https:\/\/tarihkursu.com\/index.php\/2020\/09\/27\/1-1-i-dunya-savasinin-siyasi-ve-ekonomik-sonuclari\/","title":{"rendered":"1.1. I. D\u00dcNYA SAVA\u015eI\u2019NIN S\u0130YAS\u0130 VE EKONOM\u0130K SONU\u00c7LARI"},"content":{"rendered":"<p>&nbsp;<\/p>\n<div style=\"clear: both; text-align: center;\"><a href=\"https:\/\/blogger.googleusercontent.com\/img\/b\/R29vZ2xl\/AVvXsEhMP0fLxVNLznKgKD8_QexfGQBcs915eZ2fFk5B511OpbfTfSkxy7BAIz2uEyk1SpOMFf4x6Kt2hjTm7lTg-PYk-WWOBgL4PM7YwIgG-PlzER8VnKqexbHmxxrIAM_PpTnB2ekTso85rmcs\/s960\/DERS+NOTLARI+YEN%25C4%25B0.jpg\" style=\"margin-left: 1em; margin-right: 1em;\"><img loading=\"lazy\" decoding=\"async\" border=\"0\" data-original-height=\"540\" data-original-width=\"960\" height=\"238\" src=\"https:\/\/blogger.googleusercontent.com\/img\/b\/R29vZ2xl\/AVvXsEhMP0fLxVNLznKgKD8_QexfGQBcs915eZ2fFk5B511OpbfTfSkxy7BAIz2uEyk1SpOMFf4x6Kt2hjTm7lTg-PYk-WWOBgL4PM7YwIgG-PlzER8VnKqexbHmxxrIAM_PpTnB2ekTso85rmcs\/w423-h238\/DERS+NOTLARI+YEN%25C4%25B0.jpg\" width=\"423\" \/><\/a><\/div>\n<div style=\"clear: both; text-align: center;\"><\/div>\n<div style=\"clear: both; text-align: center;\"><\/div>\n<\/p>\n<p><span style=\"font-size: large;\">Tarih ders notlar\u0131, yks tarih ders notlar\u0131, ayt tarih ders notlar\u0131, tyt tarih ders notlar\u0131, tarih \u00f6zet, tarih 9 ders notlar\u0131, tarih 10 ders notlar\u0131, tarih 11 ders notlar\u0131, ink\u0131lap tarihi ders notlar\u0131, \u00e7a\u011fda\u015f T\u00fcrk ve d\u00fcnya tarihi ders notlar\u0131, g\u00fcncel tarih ders notlar\u0131, \u00f6zet konu anlat\u0131m, k\u0131sa tarih, yeni kitaba g\u00f6re haz\u0131rlanm\u0131\u015f ders notlar\u0131, yeni m\u00fcfredat tarih , tarih pdf<\/span><\/p>\n<p><span style=\"font-size: large;\">1. \u00dcN\u0130TE \u0130K\u0130 K\u00dcRESEL SAVA\u015e ARASINDA D\u00dcNYA<\/span><\/p>\n<p><span style=\"font-size: large;\"><b>1.1. I. D\u00dcNYA SAVA\u015eI\u2019NIN S\u0130YAS\u0130 VE EKONOM\u0130K<\/b><\/span><\/p>\n<p><span style=\"font-size: large;\"><b>SONU\u00c7LARI<\/b><\/span><\/p>\n<p><\/p>\n<p><span style=\"font-size: large;\"><b style=\"background-color: #fcff01;\">1.1.1. II. D\u00fcnya Sava\u015f\u0131\u2019na Sebep Olan Stratejik ve Emperyalist Rekabet<\/b><\/span><\/p>\n<p><span style=\"font-size: large;\"><b>&#8211; XIX. y\u00fczy\u0131lda Avrupa teknolojik, iktisadi ve k\u00fclt\u00fcrel alanda daha \u00f6nce hi\u00e7 olmad\u0131\u011f\u0131 kadar g\u00fc\u00e7l\u00fcd\u00fcr.<\/b><\/span><\/p>\n<p><span style=\"font-size: large;\"><b>&#8211; Avrupa&#8217;n\u0131n g\u00fc\u00e7lenmesi d\u00fcnyay\u0131 1914 ile 1918 y\u0131llar\u0131 aras\u0131nda ger\u00e7ekle\u015fen k\u00fcresel bir sava\u015fa s\u00fcr\u00fcklemi\u015ftir.<\/b><\/span><\/p>\n<p><span style=\"font-size: large;\"><b>&#8211; Sava\u015f, b\u00fcy\u00fck devletleraras\u0131ndaki \u00e7\u0131kar dengesinin bozulmas\u0131yla ba\u015flam\u0131\u015f ve bir\u00e7ok devleti de i\u00e7ine alarak devam<\/b><\/span><\/p>\n<p><span style=\"font-size: large;\"><b>etmi\u015ftir.<\/b><\/span><\/p>\n<p><span style=\"font-size: large;\"><b>&#8211; Bu sava\u015f\u0131n sonunda yeni devletler tarih sahnesine \u00e7\u0131km\u0131\u015ft\u0131r.<\/b><\/span><\/p>\n<p><span style=\"font-size: large;\"><b>&#8211; Sava\u015f, modern teknolojiyle donat\u0131lm\u0131\u015f kendi end\u00fcstrisini \u00e7ok h\u0131zl\u0131 bir \u015fekilde geli\u015ftirmi\u015ftir.<\/b><\/span><\/p>\n<p><span style=\"font-size: large;\"><b>&#8211; I. D\u00fcnya Sava\u015f\u0131 ve Wilson \u0130lkeleri ile \u00e7ok uluslu imparatorluklar da\u011f\u0131lm\u0131\u015f ve ulus devletlerin kurulma s\u00fcreci devam<\/b><\/span><\/p>\n<p><span style=\"font-size: large;\"><b>etmi\u015ftir.<\/b><\/span><\/p>\n<p><span style=\"font-size: large;\"><b>&#8211; Yenilen devletlerde d\u0131\u015f bor\u00e7lar, tazminatlar ve krizin besledi\u011fi milliyet\u00e7ilik duygular\u0131 etkili olmu\u015ftur.<\/b><\/span><\/p>\n<p><span style=\"font-size: large;\"><b style=\"background-color: #fcff01;\">1.1.2. I. D\u00fcnya Sava\u015f\u0131 \u00d6ncesi ve Sonras\u0131 D\u00fcnya Siyasi Haritas\u0131ndaki De\u011fi\u015fim<\/b><\/span><\/p>\n<p><span style=\"font-size: large;\"><b>&#8211; I. D\u00fcnya Sava\u015f\u0131 \u00d6ncesi D\u00fcnya siyasetinde etkin olan Osmanl\u0131, Avusturya-Macaristan gibi bir\u00e7ok devlet tarih<\/b><\/span><\/p>\n<p><span style=\"font-size: large;\"><b>sahnesinden \u00e7ekilmi\u015ftir.<\/b><\/span><\/p>\n<p><span style=\"font-size: large;\"><b>&#8211; I. D\u00fcnya Sava\u015f\u0131 Sonras\u0131 ise Litvanya, Letonya, Estonya, Finlandiya, Yugoslavya, \u00c7ekoslovakya, Polonya,<\/b><\/span><\/p>\n<p><span style=\"font-size: large;\"><b>Macaristan, SSCB gibi bir\u00e7ok yeni devlet kurulmu\u015ftur.<\/b><\/span><\/p>\n<p><span style=\"font-size: large;\"><b style=\"background-color: #fcff01;\"><br \/>\n<ins\n     style=\"display:block; text-align:center;\"\n     data-ad-layout=\"in-article\"\n     data-ad-format=\"fluid\"\n     data-ad-client=\"ca-pub-8292832365502904\"\n     data-ad-slot=\"4993116891\"><\/ins><br \/>\n1.1.3. Paris Bar\u0131\u015f Konferans\u0131 ve Versailles (Versay) Bar\u0131\u015f Antla\u015fmas\u0131<\/b><\/span><\/p>\n<p><span style=\"font-size: large;\"><b>&#8211; Paris Bar\u0131\u015f Konferans\u0131, I. D\u00fcnya Sava\u015f\u0131&#8217;n\u0131n galip devletleri ile ma\u011flup devletleri aras\u0131nda imzalanacak bar\u0131\u015f<\/b><\/span><\/p>\n<p><span style=\"font-size: large;\"><b>antla\u015fmalar\u0131n\u0131n ko\u015fullar\u0131n\u0131 haz\u0131rlamak ve Osmanl\u0131 Devleti&#8217;nin topraklar\u0131n\u0131 yeniden payla\u015fmak i\u00e7in topland\u0131.<\/b><\/span><\/p>\n<p><span style=\"font-size: large;\"><b>&#8211; Konferansa 32 devlet kat\u0131ld\u0131.<\/b><\/span><\/p>\n<p><span style=\"font-size: large;\"><b>&#8211; Konferans bir Avrupa devletleri toplant\u0131s\u0131 olarak de\u011fil, galip gelenlerin kongresi olarak d\u00fczenlendi.<\/b><\/span><\/p>\n<p><span style=\"font-size: large;\"><b>&#8211; Konferansta Sovyet Rusya, Almanya ve Osmanl\u0131 Devleti temsil edilmedi.<\/b><\/span><\/p>\n<p><span style=\"font-size: large;\"><b>&#8211; ABD Ba\u015fkan\u0131 Wilson&#8217;\u0131n idealizmine kar\u015f\u0131l\u0131k Fransa Ba\u015fbakan\u0131 Clemenceau ve \u0130ngiliz Ba\u015fbakan\u0131 Lloyd George,<\/b><\/span><\/p>\n<p><span style=\"font-size: large;\"><b>Avrupa&#8217;n\u0131n klasik diplomasisini temsil ediyordu.<\/b><\/span><\/p>\n<p><span style=\"font-size: large;\"><b>&#8211; Fransa&#8217;n\u0131n amac\u0131, Almanya&#8217;n\u0131n hareket alan\u0131n\u0131 daraltmak ve onu \u00e7\u00f6kertmekti. \u0130ngiltere ise Alman donanmas\u0131n\u0131<\/b><\/span><\/p>\n<p><span style=\"font-size: large;\"><b>ortadan kald\u0131rmak ve Almanya&#8217;n\u0131n tekrar Avrupa dengesini bozacak duruma gelmesini engellemek istedi.<\/b><\/span><\/p>\n<p><span style=\"font-size: large;\"><b style=\"background-color: #fcff01;\">MONROE DOKTR\u0130N\u0130<\/b><\/span><\/p>\n<p><span style=\"font-size: large;\"><b>&#8211; 1823&#8217;te Amerikan Cumhurba\u015fkan\u0131 Monroe&#8217;nin, kongreye sundu\u011fu doktrindir.<\/b><\/span><\/p>\n<p><span style=\"font-size: large;\"><b>&#8211; ABD, Avrupa&#8217;daki olaylara kar\u0131\u015fmayacak ve Avrupal\u0131 g\u00fc\u00e7lerin Amerika k\u0131tas\u0131ndaki varl\u0131\u011f\u0131na sayg\u0131 g\u00f6sterecek,<\/b><\/span><\/p>\n<p><span style=\"font-size: large;\"><b>Avrupa devletleri de Latin Amerika&#8217;da ortaya \u00e7\u0131kan cumhuriyetler \u00fczerinde yeni bir s\u00f6m\u00fcrge politikas\u0131 g\u00fctmeyecektir.<\/b><\/span><\/p>\n<p><span style=\"font-size: large;\"><b style=\"background-color: #fcff01;\">Versay Bar\u0131\u015f Antla\u015fmas\u0131 (28 Haziran 1919)<\/b><\/span><\/p>\n<p><span style=\"font-size: large;\"><b>&#8211; I. D\u00fcnya Sava\u015f\u0131 sonras\u0131nda ilk bar\u0131\u015f antla\u015fmas\u0131, \u00f6nemi dolay\u0131s\u0131yla Almanya ile imzaland\u0131.<\/b><\/span><\/p>\n<p><span style=\"font-size: large;\"><b>&#8211; Alman heyeti Wilson \u0130lkeleri&#8217;ni esas alarak itirazlar\u0131n\u0131 y\u00fcksek sesle dile getirse de bunlar\u0131 dikkate alan olmad\u0131 ve<\/b><\/span><\/p>\n<p><span style=\"font-size: large;\"><b>antla\u015fma \u00fcltimatom \u015feklinde Almanya&#8217;ya imzalatt\u0131r\u0131ld\u0131.<\/b><\/span><\/p>\n<p><span style=\"font-size: large;\"><b style=\"background-color: #fcff01;\"><br \/>\n<ins\n     style=\"display:block; text-align:center;\"\n     data-ad-layout=\"in-article\"\n     data-ad-format=\"fluid\"\n     data-ad-client=\"ca-pub-8292832365502904\"\n     data-ad-slot=\"4993116891\"><\/ins><br \/>\n1.1.4. \u0130ki D\u00fcnya Sava\u015f\u0131 Aras\u0131ndaki D\u00f6nemde \u0130deolojiler<\/b><\/span><\/p>\n<p><span style=\"font-size: large;\"><b style=\"background-color: #fcff01;\">Kom\u00fcnizm<\/b><\/span><\/p>\n<p><span style=\"font-size: large;\"><b>&#8211; \u00d6zel m\u00fclkiyete dayal\u0131 kapitalist sistem yerine, ortak m\u00fclkiyete dayal\u0131 ya\u015fam\u0131 ama\u00e7layan toplumsal, ekonomik ve<\/b><\/span><\/p>\n<p><span style=\"font-size: large;\"><b>siyasi bir ideolojidir.<\/b><\/span><\/p>\n<p><span style=\"font-size: large;\"><b>&#8211; Kom\u00fcnizmin uygulanma a\u015famas\u0131 \u015f\u00f6yledir: Burjuva s\u0131n\u0131f\u0131 yok edilerek proletarya (i\u015f\u00e7i) s\u0131n\u0131f\u0131n\u0131n h\u00e2kimiyeti<\/b><\/span><\/p>\n<p><span style=\"font-size: large;\"><b>sa\u011flanacak, bunun sonucunda sosyalist d\u00fczen kurulacak ve b\u00f6ylece hedeflenen ideal kom\u00fcnist sistem<\/b><\/span><\/p>\n<p><span style=\"font-size: large;\"><b>ger\u00e7ekle\u015ftirilecektir.<\/b><\/span><\/p>\n<p><span style=\"font-size: large;\"><b>&#8211; \u00c7in, K\u00fcba, Arnavutluk, Yugoslavya, Do\u011fu Almanya, \u00c7ekoslovakya gibi \u00fclkelerin yan\u0131nda Afganistan, Yemen gibi<\/b><\/span><\/p>\n<p><span style=\"font-size: large;\"><b>\u0130slam \u00fclkelerinde de kom\u00fcnist y\u00f6netimler kurulmu\u015ftur.<\/b><\/span><\/p>\n<p><span style=\"font-size: large;\"><b style=\"background-color: #fcff01;\"><br \/>\n<ins\n     style=\"display:block; text-align:center;\"\n     data-ad-layout=\"in-article\"\n     data-ad-format=\"fluid\"\n     data-ad-client=\"ca-pub-8292832365502904\"\n     data-ad-slot=\"4993116891\"><\/ins><br \/>\nFa\u015fizm<\/b><\/span><\/p>\n<p><span style=\"font-size: large;\"><b>&#8211; Fa\u015fizm, \u0130talyanca \u201cbir baltaya ba\u011flanm\u0131\u015f sopa demeti\u201d anlam\u0131na gelen ve birlikten g\u00fc\u00e7 do\u011fdu\u011funu simgeleyen fascio<\/b><\/span><\/p>\n<p><span style=\"font-size: large;\"><b>s\u00f6zc\u00fc\u011f\u00fcnden gelmektedir.<\/b><\/span><\/p>\n<p><span style=\"font-size: large;\"><b>&#8211; Bu s\u00f6zc\u00fck \u0130talya&#8217;da II. D\u00fcnya Sava\u015f\u0131&#8217;na giden s\u00fcre\u00e7te milliyet\u00e7i \u00f6zellikler bar\u0131nd\u0131ran diktat\u00f6rl\u00fck y\u00f6netimini<\/b><\/span><\/p>\n<p><span style=\"font-size: large;\"><b>tan\u0131mlamak i\u00e7in kullan\u0131lm\u0131\u015ft\u0131r.<\/b><\/span><\/p>\n<p><span style=\"font-size: large;\"><b>-\u015eahs\u0131nda devleti kutsay\u0131p bireyi yok sayan fa\u015fizmi do\u011furmu\u015ftur.<\/b><\/span><\/p>\n<p><span style=\"font-size: large;\"><b>&#8211; \u0130talya&#8217;daki bu anlay\u0131\u015f, Benito Mussolini liderli\u011findeki Ulusal Fa\u015fist Partiyi \u00f6n plana \u00e7\u0131karm\u0131\u015ft\u0131r.<\/b><\/span><\/p>\n<p><span style=\"font-size: large;\"><b style=\"background-color: #fcff01;\">Nasyonal Sosyalizm<\/b><\/span><\/p>\n<p><span style=\"font-size: large;\"><b>&#8211; II. D\u00fcnya Sava\u015f\u0131&#8217;ndan \u00f6nce Almanya&#8217;da Nazi Partisi ve onun lideri Adolf Hitler taraf\u0131ndan uygulanan siyasi ve<\/b><\/span><\/p>\n<p><span style=\"font-size: large;\"><b>ekonomik sistem nasyonal sosyalizm olarak adland\u0131r\u0131lm\u0131\u015ft\u0131r.<\/b><\/span><\/p>\n<p><span style=\"font-size: large;\"><b>&#8211; Totaliter bir sistem olan nasyonal sosyalizm, I. D\u00fcnya Sava\u015f\u0131&#8217;ndan sonra Almanya&#8217;n\u0131n kar\u015f\u0131la\u015ft\u0131\u011f\u0131 yoksulluk ve<\/b><\/span><\/p>\n<p><span style=\"font-size: large;\"><b>i\u015fsizli\u011fin bir sonucu olarak Nazi Partisi taraf\u0131ndan uygulanm\u0131\u015ft\u0131r.<\/b><\/span><\/p>\n<p><span style=\"font-size: large;\"><b>&#8211; Nasyonal sosyalist sistemin Almanya&#8217;daki uygulay\u0131c\u0131s\u0131 olan Nazi Partisi, 1918&#8217;de Alman \u0130\u015f\u00e7i Partisi olarak<\/b><\/span><\/p>\n<p><span style=\"font-size: large;\"><b>kurulmu\u015f ve k\u0131sa s\u00fcre sonra partinin ad\u0131 Alman Sosyalist \u0130\u015f\u00e7i Partisi (NSDAP) olarak de\u011fi\u015ftirilmi\u015ftir.<\/b><\/span><\/p>\n<p><span style=\"font-size: large;\"><b>&#8211; Nazizm, kitleleri pe\u015finden s\u00fcr\u00fcklemede fa\u015fizmin \u201cDevlet ideal ve ebed\u00eedir.\u201d anlay\u0131\u015f\u0131 yerine \u201c\u00fcst\u00fcn \u0131rk\u201d kavram\u0131n\u0131 \u00f6n<\/b><\/span><\/p>\n<\/p>\n<p><span style=\"font-size: large;\"><b>plana \u00e7\u0131karm\u0131\u015ft\u0131r.<\/b><\/span><\/p>\n<\/p>\n<div style=\"clear: both; text-align: center;\"><\/div>\n<p><\/p>\n","protected":false},"excerpt":{"rendered":"<div class=\"mh-excerpt\"><p>&nbsp; Tarih ders notlar\u0131, yks tarih ders notlar\u0131, ayt tarih ders notlar\u0131, tyt tarih ders notlar\u0131, tarih \u00f6zet, tarih 9 ders notlar\u0131, tarih 10 ders <a class=\"mh-excerpt-more\" href=\"https:\/\/tarihkursu.com\/index.php\/2020\/09\/27\/1-1-i-dunya-savasinin-siyasi-ve-ekonomik-sonuclari\/\" title=\"1.1. I. D\u00dcNYA SAVA\u015eI\u2019NIN S\u0130YAS\u0130 VE EKONOM\u0130K SONU\u00c7LARI\">[&#8230;]<\/a><\/p>\n<\/div>","protected":false},"author":2,"featured_media":0,"comment_status":"open","ping_status":"open","sticky":false,"template":"","format":"standard","meta":{"_regular_price":[],"currency_symbol":[],"footnotes":""},"categories":[63,58],"tags":[],"class_list":["post-501","post","type-post","status-publish","format-standard","hentry","category-ctvdt-ders-notlari","category-ders-notlari"],"post_slider_layout_featured_media_urls":{"thumbnail":"","post_slider_layout_landscape_large":"","post_slider_layout_portrait_large":"","post_slider_layout_square_large":"","post_slider_layout_landscape":"","post_slider_layout_portrait":"","post_slider_layout_square":"","full":""},"yoast_head":"<!-- This site is optimized with the Yoast SEO plugin v27.4 - https:\/\/yoast.com\/product\/yoast-seo-wordpress\/ -->\n<title>1.1. I. D\u00dcNYA SAVA\u015eI\u2019NIN S\u0130YAS\u0130 VE EKONOM\u0130K SONU\u00c7LARI - tarihkursu.com<\/title>\n<meta name=\"robots\" content=\"index, follow, max-snippet:-1, max-image-preview:large, max-video-preview:-1\" \/>\n<link rel=\"canonical\" href=\"https:\/\/tarihkursu.com\/index.php\/2020\/09\/27\/1-1-i-dunya-savasinin-siyasi-ve-ekonomik-sonuclari\/\" \/>\n<meta property=\"og:locale\" content=\"tr_TR\" \/>\n<meta property=\"og:type\" content=\"article\" \/>\n<meta property=\"og:title\" content=\"1.1. I. D\u00dcNYA SAVA\u015eI\u2019NIN S\u0130YAS\u0130 VE EKONOM\u0130K SONU\u00c7LARI - tarihkursu.com\" \/>\n<meta property=\"og:description\" content=\"&nbsp; Tarih ders notlar\u0131, yks tarih ders notlar\u0131, ayt tarih ders notlar\u0131, tyt tarih ders notlar\u0131, tarih \u00f6zet, tarih 9 ders notlar\u0131, tarih 10 ders [...]\" \/>\n<meta property=\"og:url\" content=\"https:\/\/tarihkursu.com\/index.php\/2020\/09\/27\/1-1-i-dunya-savasinin-siyasi-ve-ekonomik-sonuclari\/\" \/>\n<meta property=\"og:site_name\" content=\"tarihkursu.com\" \/>\n<meta property=\"article:published_time\" content=\"2020-09-27T15:49:00+00:00\" \/>\n<meta property=\"og:image\" content=\"https:\/\/blogger.googleusercontent.com\/img\/b\/R29vZ2xl\/AVvXsEhMP0fLxVNLznKgKD8_QexfGQBcs915eZ2fFk5B511OpbfTfSkxy7BAIz2uEyk1SpOMFf4x6Kt2hjTm7lTg-PYk-WWOBgL4PM7YwIgG-PlzER8VnKqexbHmxxrIAM_PpTnB2ekTso85rmcs\/w423-h238\/DERS+NOTLARI+YEN%25C4%25B0.jpg\" \/>\n<meta name=\"author\" content=\"tarihkursu\" \/>\n<meta name=\"twitter:card\" content=\"summary_large_image\" \/>\n<meta name=\"twitter:label1\" content=\"Yazan:\" \/>\n\t<meta name=\"twitter:data1\" content=\"tarihkursu\" \/>\n\t<meta name=\"twitter:label2\" content=\"Tahmini okuma s\u00fcresi\" \/>\n\t<meta name=\"twitter:data2\" content=\"4 dakika\" \/>\n<script type=\"application\/ld+json\" class=\"yoast-schema-graph\">{\"@context\":\"https:\\\/\\\/schema.org\",\"@graph\":[{\"@type\":\"Article\",\"@id\":\"https:\\\/\\\/tarihkursu.com\\\/index.php\\\/2020\\\/09\\\/27\\\/1-1-i-dunya-savasinin-siyasi-ve-ekonomik-sonuclari\\\/#article\",\"isPartOf\":{\"@id\":\"https:\\\/\\\/tarihkursu.com\\\/index.php\\\/2020\\\/09\\\/27\\\/1-1-i-dunya-savasinin-siyasi-ve-ekonomik-sonuclari\\\/\"},\"author\":{\"name\":\"tarihkursu\",\"@id\":\"https:\\\/\\\/tarihkursu.com\\\/#\\\/schema\\\/person\\\/d0f9105e31352dbe9f08d098ffb8c878\"},\"headline\":\"1.1. I. D\u00dcNYA SAVA\u015eI\u2019NIN S\u0130YAS\u0130 VE EKONOM\u0130K SONU\u00c7LARI\",\"datePublished\":\"2020-09-27T15:49:00+00:00\",\"mainEntityOfPage\":{\"@id\":\"https:\\\/\\\/tarihkursu.com\\\/index.php\\\/2020\\\/09\\\/27\\\/1-1-i-dunya-savasinin-siyasi-ve-ekonomik-sonuclari\\\/\"},\"wordCount\":870,\"commentCount\":4,\"publisher\":{\"@id\":\"https:\\\/\\\/tarihkursu.com\\\/#\\\/schema\\\/person\\\/4d7bdc3b79e9f5198455474c0f203f3c\"},\"image\":{\"@id\":\"https:\\\/\\\/tarihkursu.com\\\/index.php\\\/2020\\\/09\\\/27\\\/1-1-i-dunya-savasinin-siyasi-ve-ekonomik-sonuclari\\\/#primaryimage\"},\"thumbnailUrl\":\"https:\\\/\\\/blogger.googleusercontent.com\\\/img\\\/b\\\/R29vZ2xl\\\/AVvXsEhMP0fLxVNLznKgKD8_QexfGQBcs915eZ2fFk5B511OpbfTfSkxy7BAIz2uEyk1SpOMFf4x6Kt2hjTm7lTg-PYk-WWOBgL4PM7YwIgG-PlzER8VnKqexbHmxxrIAM_PpTnB2ekTso85rmcs\\\/w423-h238\\\/DERS+NOTLARI+YEN%25C4%25B0.jpg\",\"articleSection\":[\"\u00c7TvDT ders notlar\u0131\",\"Ders Notlar\u0131\"],\"inLanguage\":\"tr\",\"potentialAction\":[{\"@type\":\"CommentAction\",\"name\":\"Comment\",\"target\":[\"https:\\\/\\\/tarihkursu.com\\\/index.php\\\/2020\\\/09\\\/27\\\/1-1-i-dunya-savasinin-siyasi-ve-ekonomik-sonuclari\\\/#respond\"]}]},{\"@type\":\"WebPage\",\"@id\":\"https:\\\/\\\/tarihkursu.com\\\/index.php\\\/2020\\\/09\\\/27\\\/1-1-i-dunya-savasinin-siyasi-ve-ekonomik-sonuclari\\\/\",\"url\":\"https:\\\/\\\/tarihkursu.com\\\/index.php\\\/2020\\\/09\\\/27\\\/1-1-i-dunya-savasinin-siyasi-ve-ekonomik-sonuclari\\\/\",\"name\":\"1.1. I. D\u00dcNYA SAVA\u015eI\u2019NIN S\u0130YAS\u0130 VE EKONOM\u0130K SONU\u00c7LARI - tarihkursu.com\",\"isPartOf\":{\"@id\":\"https:\\\/\\\/tarihkursu.com\\\/#website\"},\"primaryImageOfPage\":{\"@id\":\"https:\\\/\\\/tarihkursu.com\\\/index.php\\\/2020\\\/09\\\/27\\\/1-1-i-dunya-savasinin-siyasi-ve-ekonomik-sonuclari\\\/#primaryimage\"},\"image\":{\"@id\":\"https:\\\/\\\/tarihkursu.com\\\/index.php\\\/2020\\\/09\\\/27\\\/1-1-i-dunya-savasinin-siyasi-ve-ekonomik-sonuclari\\\/#primaryimage\"},\"thumbnailUrl\":\"https:\\\/\\\/blogger.googleusercontent.com\\\/img\\\/b\\\/R29vZ2xl\\\/AVvXsEhMP0fLxVNLznKgKD8_QexfGQBcs915eZ2fFk5B511OpbfTfSkxy7BAIz2uEyk1SpOMFf4x6Kt2hjTm7lTg-PYk-WWOBgL4PM7YwIgG-PlzER8VnKqexbHmxxrIAM_PpTnB2ekTso85rmcs\\\/w423-h238\\\/DERS+NOTLARI+YEN%25C4%25B0.jpg\",\"datePublished\":\"2020-09-27T15:49:00+00:00\",\"breadcrumb\":{\"@id\":\"https:\\\/\\\/tarihkursu.com\\\/index.php\\\/2020\\\/09\\\/27\\\/1-1-i-dunya-savasinin-siyasi-ve-ekonomik-sonuclari\\\/#breadcrumb\"},\"inLanguage\":\"tr\",\"potentialAction\":[{\"@type\":\"ReadAction\",\"target\":[\"https:\\\/\\\/tarihkursu.com\\\/index.php\\\/2020\\\/09\\\/27\\\/1-1-i-dunya-savasinin-siyasi-ve-ekonomik-sonuclari\\\/\"]}]},{\"@type\":\"ImageObject\",\"inLanguage\":\"tr\",\"@id\":\"https:\\\/\\\/tarihkursu.com\\\/index.php\\\/2020\\\/09\\\/27\\\/1-1-i-dunya-savasinin-siyasi-ve-ekonomik-sonuclari\\\/#primaryimage\",\"url\":\"https:\\\/\\\/blogger.googleusercontent.com\\\/img\\\/b\\\/R29vZ2xl\\\/AVvXsEhMP0fLxVNLznKgKD8_QexfGQBcs915eZ2fFk5B511OpbfTfSkxy7BAIz2uEyk1SpOMFf4x6Kt2hjTm7lTg-PYk-WWOBgL4PM7YwIgG-PlzER8VnKqexbHmxxrIAM_PpTnB2ekTso85rmcs\\\/w423-h238\\\/DERS+NOTLARI+YEN%25C4%25B0.jpg\",\"contentUrl\":\"https:\\\/\\\/blogger.googleusercontent.com\\\/img\\\/b\\\/R29vZ2xl\\\/AVvXsEhMP0fLxVNLznKgKD8_QexfGQBcs915eZ2fFk5B511OpbfTfSkxy7BAIz2uEyk1SpOMFf4x6Kt2hjTm7lTg-PYk-WWOBgL4PM7YwIgG-PlzER8VnKqexbHmxxrIAM_PpTnB2ekTso85rmcs\\\/w423-h238\\\/DERS+NOTLARI+YEN%25C4%25B0.jpg\"},{\"@type\":\"BreadcrumbList\",\"@id\":\"https:\\\/\\\/tarihkursu.com\\\/index.php\\\/2020\\\/09\\\/27\\\/1-1-i-dunya-savasinin-siyasi-ve-ekonomik-sonuclari\\\/#breadcrumb\",\"itemListElement\":[{\"@type\":\"ListItem\",\"position\":1,\"name\":\"Anasayfa\",\"item\":\"https:\\\/\\\/tarihkursu.com\\\/\"},{\"@type\":\"ListItem\",\"position\":2,\"name\":\"1.1. I. D\u00dcNYA SAVA\u015eI\u2019NIN S\u0130YAS\u0130 VE EKONOM\u0130K SONU\u00c7LARI\"}]},{\"@type\":\"WebSite\",\"@id\":\"https:\\\/\\\/tarihkursu.com\\\/#website\",\"url\":\"https:\\\/\\\/tarihkursu.com\\\/\",\"name\":\"Tarih Kursu\",\"description\":\"\u0130\u015fimiz G\u00fcc\u00fcm\u00fcz Tarih\",\"publisher\":{\"@id\":\"https:\\\/\\\/tarihkursu.com\\\/#\\\/schema\\\/person\\\/4d7bdc3b79e9f5198455474c0f203f3c\"},\"potentialAction\":[{\"@type\":\"SearchAction\",\"target\":{\"@type\":\"EntryPoint\",\"urlTemplate\":\"https:\\\/\\\/tarihkursu.com\\\/?s={search_term_string}\"},\"query-input\":{\"@type\":\"PropertyValueSpecification\",\"valueRequired\":true,\"valueName\":\"search_term_string\"}}],\"inLanguage\":\"tr\"},{\"@type\":[\"Person\",\"Organization\"],\"@id\":\"https:\\\/\\\/tarihkursu.com\\\/#\\\/schema\\\/person\\\/4d7bdc3b79e9f5198455474c0f203f3c\",\"name\":\"admin\",\"image\":{\"@type\":\"ImageObject\",\"inLanguage\":\"tr\",\"@id\":\"https:\\\/\\\/tarihkursu.com\\\/wp-content\\\/uploads\\\/2024\\\/10\\\/TARIHKURSU-Kopyasi.png\",\"url\":\"https:\\\/\\\/tarihkursu.com\\\/wp-content\\\/uploads\\\/2024\\\/10\\\/TARIHKURSU-Kopyasi.png\",\"contentUrl\":\"https:\\\/\\\/tarihkursu.com\\\/wp-content\\\/uploads\\\/2024\\\/10\\\/TARIHKURSU-Kopyasi.png\",\"width\":1080,\"height\":1080,\"caption\":\"admin\"},\"logo\":{\"@id\":\"https:\\\/\\\/tarihkursu.com\\\/wp-content\\\/uploads\\\/2024\\\/10\\\/TARIHKURSU-Kopyasi.png\"},\"sameAs\":[\"https:\\\/\\\/tarihkursu.com\"]},{\"@type\":\"Person\",\"@id\":\"https:\\\/\\\/tarihkursu.com\\\/#\\\/schema\\\/person\\\/d0f9105e31352dbe9f08d098ffb8c878\",\"name\":\"tarihkursu\",\"image\":{\"@type\":\"ImageObject\",\"inLanguage\":\"tr\",\"@id\":\"https:\\\/\\\/secure.gravatar.com\\\/avatar\\\/1354763acbc865faa7650c3e1e4431f187276d71f132349411302a546cdeae54?s=96&d=mm&r=g\",\"url\":\"https:\\\/\\\/secure.gravatar.com\\\/avatar\\\/1354763acbc865faa7650c3e1e4431f187276d71f132349411302a546cdeae54?s=96&d=mm&r=g\",\"contentUrl\":\"https:\\\/\\\/secure.gravatar.com\\\/avatar\\\/1354763acbc865faa7650c3e1e4431f187276d71f132349411302a546cdeae54?s=96&d=mm&r=g\",\"caption\":\"tarihkursu\"},\"url\":\"https:\\\/\\\/tarihkursu.com\\\/index.php\\\/author\\\/tarihkursu\\\/\"}]}<\/script>\n<!-- \/ Yoast SEO plugin. -->","yoast_head_json":{"title":"1.1. I. D\u00dcNYA SAVA\u015eI\u2019NIN S\u0130YAS\u0130 VE EKONOM\u0130K SONU\u00c7LARI - tarihkursu.com","robots":{"index":"index","follow":"follow","max-snippet":"max-snippet:-1","max-image-preview":"max-image-preview:large","max-video-preview":"max-video-preview:-1"},"canonical":"https:\/\/tarihkursu.com\/index.php\/2020\/09\/27\/1-1-i-dunya-savasinin-siyasi-ve-ekonomik-sonuclari\/","og_locale":"tr_TR","og_type":"article","og_title":"1.1. I. D\u00dcNYA SAVA\u015eI\u2019NIN S\u0130YAS\u0130 VE EKONOM\u0130K SONU\u00c7LARI - tarihkursu.com","og_description":"&nbsp; Tarih ders notlar\u0131, yks tarih ders notlar\u0131, ayt tarih ders notlar\u0131, tyt tarih ders notlar\u0131, tarih \u00f6zet, tarih 9 ders notlar\u0131, tarih 10 ders [...]","og_url":"https:\/\/tarihkursu.com\/index.php\/2020\/09\/27\/1-1-i-dunya-savasinin-siyasi-ve-ekonomik-sonuclari\/","og_site_name":"tarihkursu.com","article_published_time":"2020-09-27T15:49:00+00:00","og_image":[{"url":"https:\/\/blogger.googleusercontent.com\/img\/b\/R29vZ2xl\/AVvXsEhMP0fLxVNLznKgKD8_QexfGQBcs915eZ2fFk5B511OpbfTfSkxy7BAIz2uEyk1SpOMFf4x6Kt2hjTm7lTg-PYk-WWOBgL4PM7YwIgG-PlzER8VnKqexbHmxxrIAM_PpTnB2ekTso85rmcs\/w423-h238\/DERS+NOTLARI+YEN%25C4%25B0.jpg","type":"","width":"","height":""}],"author":"tarihkursu","twitter_card":"summary_large_image","twitter_misc":{"Yazan:":"tarihkursu","Tahmini okuma s\u00fcresi":"4 dakika"},"schema":{"@context":"https:\/\/schema.org","@graph":[{"@type":"Article","@id":"https:\/\/tarihkursu.com\/index.php\/2020\/09\/27\/1-1-i-dunya-savasinin-siyasi-ve-ekonomik-sonuclari\/#article","isPartOf":{"@id":"https:\/\/tarihkursu.com\/index.php\/2020\/09\/27\/1-1-i-dunya-savasinin-siyasi-ve-ekonomik-sonuclari\/"},"author":{"name":"tarihkursu","@id":"https:\/\/tarihkursu.com\/#\/schema\/person\/d0f9105e31352dbe9f08d098ffb8c878"},"headline":"1.1. I. D\u00dcNYA SAVA\u015eI\u2019NIN S\u0130YAS\u0130 VE EKONOM\u0130K SONU\u00c7LARI","datePublished":"2020-09-27T15:49:00+00:00","mainEntityOfPage":{"@id":"https:\/\/tarihkursu.com\/index.php\/2020\/09\/27\/1-1-i-dunya-savasinin-siyasi-ve-ekonomik-sonuclari\/"},"wordCount":870,"commentCount":4,"publisher":{"@id":"https:\/\/tarihkursu.com\/#\/schema\/person\/4d7bdc3b79e9f5198455474c0f203f3c"},"image":{"@id":"https:\/\/tarihkursu.com\/index.php\/2020\/09\/27\/1-1-i-dunya-savasinin-siyasi-ve-ekonomik-sonuclari\/#primaryimage"},"thumbnailUrl":"https:\/\/blogger.googleusercontent.com\/img\/b\/R29vZ2xl\/AVvXsEhMP0fLxVNLznKgKD8_QexfGQBcs915eZ2fFk5B511OpbfTfSkxy7BAIz2uEyk1SpOMFf4x6Kt2hjTm7lTg-PYk-WWOBgL4PM7YwIgG-PlzER8VnKqexbHmxxrIAM_PpTnB2ekTso85rmcs\/w423-h238\/DERS+NOTLARI+YEN%25C4%25B0.jpg","articleSection":["\u00c7TvDT ders notlar\u0131","Ders Notlar\u0131"],"inLanguage":"tr","potentialAction":[{"@type":"CommentAction","name":"Comment","target":["https:\/\/tarihkursu.com\/index.php\/2020\/09\/27\/1-1-i-dunya-savasinin-siyasi-ve-ekonomik-sonuclari\/#respond"]}]},{"@type":"WebPage","@id":"https:\/\/tarihkursu.com\/index.php\/2020\/09\/27\/1-1-i-dunya-savasinin-siyasi-ve-ekonomik-sonuclari\/","url":"https:\/\/tarihkursu.com\/index.php\/2020\/09\/27\/1-1-i-dunya-savasinin-siyasi-ve-ekonomik-sonuclari\/","name":"1.1. I. D\u00dcNYA SAVA\u015eI\u2019NIN S\u0130YAS\u0130 VE EKONOM\u0130K SONU\u00c7LARI - tarihkursu.com","isPartOf":{"@id":"https:\/\/tarihkursu.com\/#website"},"primaryImageOfPage":{"@id":"https:\/\/tarihkursu.com\/index.php\/2020\/09\/27\/1-1-i-dunya-savasinin-siyasi-ve-ekonomik-sonuclari\/#primaryimage"},"image":{"@id":"https:\/\/tarihkursu.com\/index.php\/2020\/09\/27\/1-1-i-dunya-savasinin-siyasi-ve-ekonomik-sonuclari\/#primaryimage"},"thumbnailUrl":"https:\/\/blogger.googleusercontent.com\/img\/b\/R29vZ2xl\/AVvXsEhMP0fLxVNLznKgKD8_QexfGQBcs915eZ2fFk5B511OpbfTfSkxy7BAIz2uEyk1SpOMFf4x6Kt2hjTm7lTg-PYk-WWOBgL4PM7YwIgG-PlzER8VnKqexbHmxxrIAM_PpTnB2ekTso85rmcs\/w423-h238\/DERS+NOTLARI+YEN%25C4%25B0.jpg","datePublished":"2020-09-27T15:49:00+00:00","breadcrumb":{"@id":"https:\/\/tarihkursu.com\/index.php\/2020\/09\/27\/1-1-i-dunya-savasinin-siyasi-ve-ekonomik-sonuclari\/#breadcrumb"},"inLanguage":"tr","potentialAction":[{"@type":"ReadAction","target":["https:\/\/tarihkursu.com\/index.php\/2020\/09\/27\/1-1-i-dunya-savasinin-siyasi-ve-ekonomik-sonuclari\/"]}]},{"@type":"ImageObject","inLanguage":"tr","@id":"https:\/\/tarihkursu.com\/index.php\/2020\/09\/27\/1-1-i-dunya-savasinin-siyasi-ve-ekonomik-sonuclari\/#primaryimage","url":"https:\/\/blogger.googleusercontent.com\/img\/b\/R29vZ2xl\/AVvXsEhMP0fLxVNLznKgKD8_QexfGQBcs915eZ2fFk5B511OpbfTfSkxy7BAIz2uEyk1SpOMFf4x6Kt2hjTm7lTg-PYk-WWOBgL4PM7YwIgG-PlzER8VnKqexbHmxxrIAM_PpTnB2ekTso85rmcs\/w423-h238\/DERS+NOTLARI+YEN%25C4%25B0.jpg","contentUrl":"https:\/\/blogger.googleusercontent.com\/img\/b\/R29vZ2xl\/AVvXsEhMP0fLxVNLznKgKD8_QexfGQBcs915eZ2fFk5B511OpbfTfSkxy7BAIz2uEyk1SpOMFf4x6Kt2hjTm7lTg-PYk-WWOBgL4PM7YwIgG-PlzER8VnKqexbHmxxrIAM_PpTnB2ekTso85rmcs\/w423-h238\/DERS+NOTLARI+YEN%25C4%25B0.jpg"},{"@type":"BreadcrumbList","@id":"https:\/\/tarihkursu.com\/index.php\/2020\/09\/27\/1-1-i-dunya-savasinin-siyasi-ve-ekonomik-sonuclari\/#breadcrumb","itemListElement":[{"@type":"ListItem","position":1,"name":"Anasayfa","item":"https:\/\/tarihkursu.com\/"},{"@type":"ListItem","position":2,"name":"1.1. I. D\u00dcNYA SAVA\u015eI\u2019NIN S\u0130YAS\u0130 VE EKONOM\u0130K SONU\u00c7LARI"}]},{"@type":"WebSite","@id":"https:\/\/tarihkursu.com\/#website","url":"https:\/\/tarihkursu.com\/","name":"Tarih Kursu","description":"\u0130\u015fimiz G\u00fcc\u00fcm\u00fcz Tarih","publisher":{"@id":"https:\/\/tarihkursu.com\/#\/schema\/person\/4d7bdc3b79e9f5198455474c0f203f3c"},"potentialAction":[{"@type":"SearchAction","target":{"@type":"EntryPoint","urlTemplate":"https:\/\/tarihkursu.com\/?s={search_term_string}"},"query-input":{"@type":"PropertyValueSpecification","valueRequired":true,"valueName":"search_term_string"}}],"inLanguage":"tr"},{"@type":["Person","Organization"],"@id":"https:\/\/tarihkursu.com\/#\/schema\/person\/4d7bdc3b79e9f5198455474c0f203f3c","name":"admin","image":{"@type":"ImageObject","inLanguage":"tr","@id":"https:\/\/tarihkursu.com\/wp-content\/uploads\/2024\/10\/TARIHKURSU-Kopyasi.png","url":"https:\/\/tarihkursu.com\/wp-content\/uploads\/2024\/10\/TARIHKURSU-Kopyasi.png","contentUrl":"https:\/\/tarihkursu.com\/wp-content\/uploads\/2024\/10\/TARIHKURSU-Kopyasi.png","width":1080,"height":1080,"caption":"admin"},"logo":{"@id":"https:\/\/tarihkursu.com\/wp-content\/uploads\/2024\/10\/TARIHKURSU-Kopyasi.png"},"sameAs":["https:\/\/tarihkursu.com"]},{"@type":"Person","@id":"https:\/\/tarihkursu.com\/#\/schema\/person\/d0f9105e31352dbe9f08d098ffb8c878","name":"tarihkursu","image":{"@type":"ImageObject","inLanguage":"tr","@id":"https:\/\/secure.gravatar.com\/avatar\/1354763acbc865faa7650c3e1e4431f187276d71f132349411302a546cdeae54?s=96&d=mm&r=g","url":"https:\/\/secure.gravatar.com\/avatar\/1354763acbc865faa7650c3e1e4431f187276d71f132349411302a546cdeae54?s=96&d=mm&r=g","contentUrl":"https:\/\/secure.gravatar.com\/avatar\/1354763acbc865faa7650c3e1e4431f187276d71f132349411302a546cdeae54?s=96&d=mm&r=g","caption":"tarihkursu"},"url":"https:\/\/tarihkursu.com\/index.php\/author\/tarihkursu\/"}]}},"_links":{"self":[{"href":"https:\/\/tarihkursu.com\/index.php\/wp-json\/wp\/v2\/posts\/501","targetHints":{"allow":["GET"]}}],"collection":[{"href":"https:\/\/tarihkursu.com\/index.php\/wp-json\/wp\/v2\/posts"}],"about":[{"href":"https:\/\/tarihkursu.com\/index.php\/wp-json\/wp\/v2\/types\/post"}],"author":[{"embeddable":true,"href":"https:\/\/tarihkursu.com\/index.php\/wp-json\/wp\/v2\/users\/2"}],"replies":[{"embeddable":true,"href":"https:\/\/tarihkursu.com\/index.php\/wp-json\/wp\/v2\/comments?post=501"}],"version-history":[{"count":0,"href":"https:\/\/tarihkursu.com\/index.php\/wp-json\/wp\/v2\/posts\/501\/revisions"}],"wp:attachment":[{"href":"https:\/\/tarihkursu.com\/index.php\/wp-json\/wp\/v2\/media?parent=501"}],"wp:term":[{"taxonomy":"category","embeddable":true,"href":"https:\/\/tarihkursu.com\/index.php\/wp-json\/wp\/v2\/categories?post=501"},{"taxonomy":"post_tag","embeddable":true,"href":"https:\/\/tarihkursu.com\/index.php\/wp-json\/wp\/v2\/tags?post=501"}],"curies":[{"name":"wp","href":"https:\/\/api.w.org\/{rel}","templated":true}]}}