{"id":503,"date":"2020-05-04T21:49:00","date_gmt":"2020-05-04T18:49:00","guid":{"rendered":"https:\/\/tarihkursu.com\/index.php\/2020\/05\/04\/osmanli-devleti-neden-geriledi\/"},"modified":"2020-05-04T21:49:00","modified_gmt":"2020-05-04T18:49:00","slug":"osmanli-devleti-neden-geriledi","status":"publish","type":"post","link":"https:\/\/tarihkursu.com\/index.php\/2020\/05\/04\/osmanli-devleti-neden-geriledi\/","title":{"rendered":"OSMANLI DEVLET\u0130 NEDEN GER\u0130LED\u0130?"},"content":{"rendered":"<div style=\"text-align: justify;\">\n<b><span style=\"color: blue;\">KAYNAK: \u0130nalc\u0131k Halil. <i>Devlet-i Aliyye- II<\/i>. \u0130stanbul:T\u00fcrkiye \u0130\u015f Bankas\u0131 K\u00fclt\u00fcr Yay\u0131nlar\u0131. 2014<\/span><\/b><\/div>\n<p><span style=\"font-size: large;\"><\/span><\/p>\n<div style=\"text-align: justify;\">\n<span style=\"font-size: large;\"><br \/><\/span><\/div>\n<p><span style=\"font-size: large;\"><br \/>\n<\/span><br \/>\n<\/p>\n<div style=\"text-align: justify;\">\n<span style=\"font-size: large;\">Osmanl\u0131 devlet sisteminde mutlak otoriteyi temsil eden ki\u015finin, yani p\u00e2di\u015fah\u0131n sorumsuzlu\u011funu, bozulu\u015f ve karga\u015fan\u0131n ba\u015fl\u0131ca nedeni saymakta l\u00e2yihac\u0131lar hakl\u0131 g\u00f6r\u00fcnmektedir.&nbsp;<\/span><\/div>\n<p><span style=\"font-size: large;\"><br \/>\n<\/span><\/p>\n<div style=\"text-align: justify;\">\n<span style=\"font-size: large;\">Bununla birlikte 17. y\u00fczy\u0131lda ba\u015fka bir neden, Avusturya ile 1593\u20131606 Uzun Sava\u015f d\u00f6neminin ortaya \u00e7\u0131kard\u0131\u011f\u0131 a\u011f\u0131r ko\u015fullard\u0131r. Bu sava\u015fta ilk kez, Avusturya-Alman ordular\u0131, Asker\u00ee Devrim (Military Revolution) sonucu, daha etkin sil\u00e2hlar ile Osmanl\u0131lar\u0131n<\/span><\/div>\n<p><span style=\"font-size: large;\"><\/p>\n<div style=\"text-align: justify;\">\nkar\u015f\u0131s\u0131na \u00e7\u0131km\u0131\u015flard\u0131r: At \u00fczerinde kullan\u0131lan yivli k\u0131sa t\u00fcfekler, orduya halk kitlelerinden asker yaz\u0131lmas\u0131, kalelerde eski duvar-surlar yerine al\u00e7ak ve top ate\u015f g\u00fcc\u00fc y\u00fcksek tabya (bastion) savunma sisteminin uygulanmas\u0131, daha iyi \u00e7elik ve barut imali, Asker\u00ee Devrim\u2019in getirdi\u011fi ba\u015fl\u0131ca yeniliklerdir. \u00d6te yandan,<\/div>\n<div style=\"text-align: justify;\">\n\u0130ngiliz burton (briton) kalyonlar\u0131, XVII. y\u00fczy\u0131lda Akdeniz\u2019de deniz<\/div>\n<div style=\"text-align: justify;\">\nsava\u015flar\u0131nda devrim yapm\u0131\u015ft\u0131r (Bu d\u00f6nemde Osmanl\u0131 Devleti, iyi kalite \u00e7elik ve barutu \u0130ngiltere\u2019den ithal etmeye ba\u015flad\u0131). \u00c7elik z\u0131rh\u0131 delen uzun menzilli, yivli t\u00fcfek (rifle) kullanan Avusturya-Alman s\u00fcvarisi kar\u015f\u0131s\u0131nda ok-yay, m\u0131zrak ve k\u0131l\u0131\u00e7la donanm\u0131\u015f Osmanl\u0131 timarl\u0131 sipahisi i\u015fe yaramaz duruma d\u00fc\u015fm\u00fc\u015f, timar sistemi terk edilmeye ba\u015flam\u0131\u015f, ze\u00e2met ve h\u00e2slar Harem\u2019in, pa\u015falar\u0131n ya\u011fmas\u0131na a\u00e7\u0131lm\u0131\u015ft\u0131r. Cephedeki komutanlar, sultana g\u00f6nderdikleri raporlarda, t\u00fcfekli asker gelmeyince d\u00fc\u015fmana direnme imk\u00e2n\u0131 olmad\u0131\u011f\u0131n\u0131 belirtmekte idiler.&nbsp;<\/div>\n<div style=\"text-align: justify;\">\n<\/div>\n<div style=\"text-align: justify;\">\nBu durum, Osmanl\u0131 ordusunun yap\u0131s\u0131nda, dolay\u0131s\u0131yla toplumda derin de\u011fi\u015fikliklerin ba\u015flang\u0131c\u0131d\u0131r. \u0130lkin, t\u00fcfek kullanan yeni\u00e7eriler say\u0131ca b\u00fcy\u00fck bir art\u0131\u015f g\u00f6stermi\u015f, Kanun\u00ee d\u00f6neminde 12\u201314 bin olan say\u0131lar\u0131 30.000\u2019e, nihayet 50.000\u2019e kadar \u00e7\u0131km\u0131\u015ft\u0131r. Bunlara ul\u00fbfe, bah\u015fi\u015f bulmak devlet hazinesinin ba\u015fl\u0131ca kayg\u0131s\u0131 olmu\u015f, yeni\u00e7eri askerinin bask\u0131s\u0131 \u00e7ok kez ayaklanmalarla sonu\u00e7lanm\u0131\u015ft\u0131r. Sultana veziri\u00e2zam \u2018arz\u2019lar\u0131nda&nbsp; ba\u015fl\u0131ca sorun, yeni\u00e7eriye ul\u00fbfe ve cul\u00fbs bah\u015fi\u015fi yeti\u015ftirmekti.<\/div>\n<div style=\"text-align: justify;\">\n<\/div>\n<div style=\"text-align: justify;\">\n\u00d6te yandan yeni ko\u015fullarda devlet\u00e7e ba\u015fvurulan k\u00f6kl\u00fc \u00f6nlem,<\/div>\n<div style=\"text-align: justify;\">\nhalktan t\u00fcfekli asker yaz\u0131lmas\u0131d\u0131r. Anadolu i\u00e7in vil\u00e2yetlere yeni\u00e7eri<\/div>\n<div style=\"text-align: justify;\">\noca\u011f\u0131ndan bir subay bir bayrakla g\u00f6nderiliyor, bayrakdar yevmiye<\/div>\n<p><!-- tarihkursu_sidebar_top_AdSense4_1x1_as --><br \/>\n<ins data-ad-client=\"ca-pub-8292832365502904\" data-ad-format=\"auto\" data-ad-slot=\"3085860706\" data-full-width-responsive=\"true\" style=\"display: block;\"><\/ins><\/p>\n<div style=\"text-align: justify;\">\nvaadiyle bayra\u011f\u0131 etraf\u0131na i\u015fsiz gen\u00e7lerden (levend) 50, 100 ki\u015filik bir sekban-sar\u0131ca b\u00f6l\u00fc\u011f\u00fc \u00f6rg\u00fctl\u00fcyor, bu t\u00fcfekli b\u00f6l\u00fckler hemen cepheye sevk ediliyordu. Bu tarihte, vergi veren s\u0131radan re\u00e2yan\u0131n ate\u015fli sil\u00e2h kullanma yasa\u011f\u0131 kald\u0131r\u0131lm\u0131\u015f, her tarafta t\u00fcfek yapan i\u015fyerleri faaliyete ba\u015flam\u0131\u015f, ucuzca t\u00fcfek alan ba\u015f\u0131bo\u015f levendler,<\/div>\n<div style=\"text-align: justify;\">\nsekban-sar\u0131ca b\u00f6l\u00fcklerine kat\u0131lmaya ba\u015flam\u0131\u015ft\u0131r. Sekban-sar\u0131ca b\u00f6l\u00fckleri, sefere gitmedikleri zaman maa\u015flar\u0131 kesiliyordu. O zaman bu t\u00fcfekli ba\u015f\u0131bozuk asker b\u00f6l\u00fckleri (Cel\u00e2l\u00eeler), vil\u00e2yetlerde halk\u0131 soymaya ba\u015fl\u0131yordu. Bir\u00e7o\u011fu, tehlikeli Avusturya sava\u015f cephesine gidecek yerde kolay\u0131na gidip e\u015fk\u0131yal\u0131\u011fa sap\u0131yor, k\u00f6yleri ve \u015fehirleri bas\u0131yor, haraca kesiyorlard\u0131. Sekban-sar\u0131calar, \u00f6zellikle Anadolu\u2019yu<\/div>\n<div style=\"text-align: justify;\">\nkas\u0131p kavuran Cel\u00e2l\u00ee E\u015fk\u0131yas\u0131 olarak tarihe ge\u00e7mi\u015ftir. Zamanla onlar\u0131 \u00e2s\u00ee pa\u015falar\u0131n kap\u0131s\u0131nda g\u00f6rece\u011fiz.&nbsp;<\/div>\n<div style=\"text-align: justify;\">\n<\/div>\n<div style=\"text-align: justify;\">\nOsmanl\u0131 toplumunda ba\u015f\u0131ndan beri ayaklanmaya haz\u0131r topluluklar daima var olmu\u015ftur. Ba\u015fl\u0131ca topluluklar K\u0131z\u0131lba\u015f-Alev\u00ee T\u00fcrkmenler, timar i\u00e7in elinde emir olup timar alamayanlar, timar\u0131n\u0131 veya ze\u00e2metini kaybetmi\u015f sipahiler, bir \u015feyh etraf\u0131nda toplanm\u0131\u015f isyana haz\u0131r dervi\u015fler, topraks\u0131z delikanl\u0131lar (levendler), yevmiyesi kesilmi\u015f sekban-sar\u0131ca b\u00f6l\u00fckleriydi. Bu gruplar merkez\u00ee idarede herhangi bir bunal\u0131m an\u0131nda, saltanat iddias\u0131yla meydana \u00e7\u0131kan d\u00fczmeler veya bir tarikat kurucusu \u015feyh yan\u0131nda isyan bayra\u011f\u0131n\u0131 kald\u0131r\u0131r olmu\u015flard\u0131r. XVII. y\u00fczy\u0131lda \u00f6zellikle Anadolu\u2019da binlerce sekban-sar\u0131ca bir ba\u015fbu\u011f veya bir \u00e2s\u00ee pa\u015fa etraf\u0131nda toplan\u0131p merkeze kar\u015f\u0131 ayaklanm\u0131\u015flard\u0131r. (sayfa 5-6)<\/div>\n<p><\/span><\/p>\n","protected":false},"excerpt":{"rendered":"<div class=\"mh-excerpt\"><p>KAYNAK: \u0130nalc\u0131k Halil. Devlet-i Aliyye- II. \u0130stanbul:T\u00fcrkiye \u0130\u015f Bankas\u0131 K\u00fclt\u00fcr Yay\u0131nlar\u0131. 2014 Osmanl\u0131 devlet sisteminde mutlak otoriteyi temsil eden ki\u015finin, yani p\u00e2di\u015fah\u0131n sorumsuzlu\u011funu, bozulu\u015f ve <a class=\"mh-excerpt-more\" href=\"https:\/\/tarihkursu.com\/index.php\/2020\/05\/04\/osmanli-devleti-neden-geriledi\/\" title=\"OSMANLI DEVLET\u0130 NEDEN GER\u0130LED\u0130?\">[&#8230;]<\/a><\/p>\n<\/div>","protected":false},"author":2,"featured_media":0,"comment_status":"open","ping_status":"open","sticky":false,"template":"","format":"standard","meta":{"_regular_price":[],"currency_symbol":[],"footnotes":""},"categories":[27],"tags":[],"class_list":["post-503","post","type-post","status-publish","format-standard","hentry","category-makaleler"],"post_slider_layout_featured_media_urls":{"thumbnail":"","post_slider_layout_landscape_large":"","post_slider_layout_portrait_large":"","post_slider_layout_square_large":"","post_slider_layout_landscape":"","post_slider_layout_portrait":"","post_slider_layout_square":"","full":""},"yoast_head":"<!-- This site is optimized with the Yoast SEO plugin v27.5 - https:\/\/yoast.com\/product\/yoast-seo-wordpress\/ -->\n<title>OSMANLI DEVLET\u0130 NEDEN GER\u0130LED\u0130? - tarihkursu.com<\/title>\n<meta name=\"robots\" content=\"index, follow, max-snippet:-1, max-image-preview:large, max-video-preview:-1\" \/>\n<link rel=\"canonical\" href=\"https:\/\/tarihkursu.com\/index.php\/2020\/05\/04\/osmanli-devleti-neden-geriledi\/\" \/>\n<meta property=\"og:locale\" content=\"tr_TR\" \/>\n<meta property=\"og:type\" content=\"article\" \/>\n<meta property=\"og:title\" content=\"OSMANLI DEVLET\u0130 NEDEN GER\u0130LED\u0130? - tarihkursu.com\" \/>\n<meta property=\"og:description\" content=\"KAYNAK: \u0130nalc\u0131k Halil. Devlet-i Aliyye- II. \u0130stanbul:T\u00fcrkiye \u0130\u015f Bankas\u0131 K\u00fclt\u00fcr Yay\u0131nlar\u0131. 2014 Osmanl\u0131 devlet sisteminde mutlak otoriteyi temsil eden ki\u015finin, yani p\u00e2di\u015fah\u0131n sorumsuzlu\u011funu, bozulu\u015f ve [...]\" \/>\n<meta property=\"og:url\" content=\"https:\/\/tarihkursu.com\/index.php\/2020\/05\/04\/osmanli-devleti-neden-geriledi\/\" \/>\n<meta property=\"og:site_name\" content=\"tarihkursu.com\" \/>\n<meta property=\"article:published_time\" content=\"2020-05-04T18:49:00+00:00\" \/>\n<meta name=\"author\" content=\"tarihkursu\" \/>\n<meta name=\"twitter:card\" content=\"summary_large_image\" \/>\n<meta name=\"twitter:label1\" content=\"Yazan:\" \/>\n\t<meta name=\"twitter:data1\" content=\"tarihkursu\" \/>\n\t<meta name=\"twitter:label2\" content=\"Tahmini okuma s\u00fcresi\" \/>\n\t<meta name=\"twitter:data2\" content=\"3 dakika\" \/>\n<script type=\"application\/ld+json\" class=\"yoast-schema-graph\">{\"@context\":\"https:\\\/\\\/schema.org\",\"@graph\":[{\"@type\":\"Article\",\"@id\":\"https:\\\/\\\/tarihkursu.com\\\/index.php\\\/2020\\\/05\\\/04\\\/osmanli-devleti-neden-geriledi\\\/#article\",\"isPartOf\":{\"@id\":\"https:\\\/\\\/tarihkursu.com\\\/index.php\\\/2020\\\/05\\\/04\\\/osmanli-devleti-neden-geriledi\\\/\"},\"author\":{\"name\":\"tarihkursu\",\"@id\":\"https:\\\/\\\/tarihkursu.com\\\/#\\\/schema\\\/person\\\/d0f9105e31352dbe9f08d098ffb8c878\"},\"headline\":\"OSMANLI DEVLET\u0130 NEDEN GER\u0130LED\u0130?\",\"datePublished\":\"2020-05-04T18:49:00+00:00\",\"mainEntityOfPage\":{\"@id\":\"https:\\\/\\\/tarihkursu.com\\\/index.php\\\/2020\\\/05\\\/04\\\/osmanli-devleti-neden-geriledi\\\/\"},\"wordCount\":685,\"commentCount\":1,\"publisher\":{\"@id\":\"https:\\\/\\\/tarihkursu.com\\\/#\\\/schema\\\/person\\\/4d7bdc3b79e9f5198455474c0f203f3c\"},\"articleSection\":[\"MAKALELER\"],\"inLanguage\":\"tr\",\"potentialAction\":[{\"@type\":\"CommentAction\",\"name\":\"Comment\",\"target\":[\"https:\\\/\\\/tarihkursu.com\\\/index.php\\\/2020\\\/05\\\/04\\\/osmanli-devleti-neden-geriledi\\\/#respond\"]}]},{\"@type\":\"WebPage\",\"@id\":\"https:\\\/\\\/tarihkursu.com\\\/index.php\\\/2020\\\/05\\\/04\\\/osmanli-devleti-neden-geriledi\\\/\",\"url\":\"https:\\\/\\\/tarihkursu.com\\\/index.php\\\/2020\\\/05\\\/04\\\/osmanli-devleti-neden-geriledi\\\/\",\"name\":\"OSMANLI DEVLET\u0130 NEDEN GER\u0130LED\u0130? - tarihkursu.com\",\"isPartOf\":{\"@id\":\"https:\\\/\\\/tarihkursu.com\\\/#website\"},\"datePublished\":\"2020-05-04T18:49:00+00:00\",\"breadcrumb\":{\"@id\":\"https:\\\/\\\/tarihkursu.com\\\/index.php\\\/2020\\\/05\\\/04\\\/osmanli-devleti-neden-geriledi\\\/#breadcrumb\"},\"inLanguage\":\"tr\",\"potentialAction\":[{\"@type\":\"ReadAction\",\"target\":[\"https:\\\/\\\/tarihkursu.com\\\/index.php\\\/2020\\\/05\\\/04\\\/osmanli-devleti-neden-geriledi\\\/\"]}]},{\"@type\":\"BreadcrumbList\",\"@id\":\"https:\\\/\\\/tarihkursu.com\\\/index.php\\\/2020\\\/05\\\/04\\\/osmanli-devleti-neden-geriledi\\\/#breadcrumb\",\"itemListElement\":[{\"@type\":\"ListItem\",\"position\":1,\"name\":\"Anasayfa\",\"item\":\"https:\\\/\\\/tarihkursu.com\\\/\"},{\"@type\":\"ListItem\",\"position\":2,\"name\":\"OSMANLI DEVLET\u0130 NEDEN GER\u0130LED\u0130?\"}]},{\"@type\":\"WebSite\",\"@id\":\"https:\\\/\\\/tarihkursu.com\\\/#website\",\"url\":\"https:\\\/\\\/tarihkursu.com\\\/\",\"name\":\"Tarih Kursu\",\"description\":\"\u0130\u015fimiz G\u00fcc\u00fcm\u00fcz Tarih\",\"publisher\":{\"@id\":\"https:\\\/\\\/tarihkursu.com\\\/#\\\/schema\\\/person\\\/4d7bdc3b79e9f5198455474c0f203f3c\"},\"potentialAction\":[{\"@type\":\"SearchAction\",\"target\":{\"@type\":\"EntryPoint\",\"urlTemplate\":\"https:\\\/\\\/tarihkursu.com\\\/?s={search_term_string}\"},\"query-input\":{\"@type\":\"PropertyValueSpecification\",\"valueRequired\":true,\"valueName\":\"search_term_string\"}}],\"inLanguage\":\"tr\"},{\"@type\":[\"Person\",\"Organization\"],\"@id\":\"https:\\\/\\\/tarihkursu.com\\\/#\\\/schema\\\/person\\\/4d7bdc3b79e9f5198455474c0f203f3c\",\"name\":\"admin\",\"image\":{\"@type\":\"ImageObject\",\"inLanguage\":\"tr\",\"@id\":\"https:\\\/\\\/tarihkursu.com\\\/wp-content\\\/uploads\\\/2024\\\/10\\\/TARIHKURSU-Kopyasi.png\",\"url\":\"https:\\\/\\\/tarihkursu.com\\\/wp-content\\\/uploads\\\/2024\\\/10\\\/TARIHKURSU-Kopyasi.png\",\"contentUrl\":\"https:\\\/\\\/tarihkursu.com\\\/wp-content\\\/uploads\\\/2024\\\/10\\\/TARIHKURSU-Kopyasi.png\",\"width\":1080,\"height\":1080,\"caption\":\"admin\"},\"logo\":{\"@id\":\"https:\\\/\\\/tarihkursu.com\\\/wp-content\\\/uploads\\\/2024\\\/10\\\/TARIHKURSU-Kopyasi.png\"},\"sameAs\":[\"https:\\\/\\\/tarihkursu.com\"]},{\"@type\":\"Person\",\"@id\":\"https:\\\/\\\/tarihkursu.com\\\/#\\\/schema\\\/person\\\/d0f9105e31352dbe9f08d098ffb8c878\",\"name\":\"tarihkursu\",\"image\":{\"@type\":\"ImageObject\",\"inLanguage\":\"tr\",\"@id\":\"https:\\\/\\\/secure.gravatar.com\\\/avatar\\\/1354763acbc865faa7650c3e1e4431f187276d71f132349411302a546cdeae54?s=96&d=mm&r=g\",\"url\":\"https:\\\/\\\/secure.gravatar.com\\\/avatar\\\/1354763acbc865faa7650c3e1e4431f187276d71f132349411302a546cdeae54?s=96&d=mm&r=g\",\"contentUrl\":\"https:\\\/\\\/secure.gravatar.com\\\/avatar\\\/1354763acbc865faa7650c3e1e4431f187276d71f132349411302a546cdeae54?s=96&d=mm&r=g\",\"caption\":\"tarihkursu\"},\"url\":\"https:\\\/\\\/tarihkursu.com\\\/index.php\\\/author\\\/tarihkursu\\\/\"}]}<\/script>\n<!-- \/ Yoast SEO plugin. -->","yoast_head_json":{"title":"OSMANLI DEVLET\u0130 NEDEN GER\u0130LED\u0130? - tarihkursu.com","robots":{"index":"index","follow":"follow","max-snippet":"max-snippet:-1","max-image-preview":"max-image-preview:large","max-video-preview":"max-video-preview:-1"},"canonical":"https:\/\/tarihkursu.com\/index.php\/2020\/05\/04\/osmanli-devleti-neden-geriledi\/","og_locale":"tr_TR","og_type":"article","og_title":"OSMANLI DEVLET\u0130 NEDEN GER\u0130LED\u0130? - tarihkursu.com","og_description":"KAYNAK: \u0130nalc\u0131k Halil. Devlet-i Aliyye- II. \u0130stanbul:T\u00fcrkiye \u0130\u015f Bankas\u0131 K\u00fclt\u00fcr Yay\u0131nlar\u0131. 2014 Osmanl\u0131 devlet sisteminde mutlak otoriteyi temsil eden ki\u015finin, yani p\u00e2di\u015fah\u0131n sorumsuzlu\u011funu, bozulu\u015f ve [...]","og_url":"https:\/\/tarihkursu.com\/index.php\/2020\/05\/04\/osmanli-devleti-neden-geriledi\/","og_site_name":"tarihkursu.com","article_published_time":"2020-05-04T18:49:00+00:00","author":"tarihkursu","twitter_card":"summary_large_image","twitter_misc":{"Yazan:":"tarihkursu","Tahmini okuma s\u00fcresi":"3 dakika"},"schema":{"@context":"https:\/\/schema.org","@graph":[{"@type":"Article","@id":"https:\/\/tarihkursu.com\/index.php\/2020\/05\/04\/osmanli-devleti-neden-geriledi\/#article","isPartOf":{"@id":"https:\/\/tarihkursu.com\/index.php\/2020\/05\/04\/osmanli-devleti-neden-geriledi\/"},"author":{"name":"tarihkursu","@id":"https:\/\/tarihkursu.com\/#\/schema\/person\/d0f9105e31352dbe9f08d098ffb8c878"},"headline":"OSMANLI DEVLET\u0130 NEDEN GER\u0130LED\u0130?","datePublished":"2020-05-04T18:49:00+00:00","mainEntityOfPage":{"@id":"https:\/\/tarihkursu.com\/index.php\/2020\/05\/04\/osmanli-devleti-neden-geriledi\/"},"wordCount":685,"commentCount":1,"publisher":{"@id":"https:\/\/tarihkursu.com\/#\/schema\/person\/4d7bdc3b79e9f5198455474c0f203f3c"},"articleSection":["MAKALELER"],"inLanguage":"tr","potentialAction":[{"@type":"CommentAction","name":"Comment","target":["https:\/\/tarihkursu.com\/index.php\/2020\/05\/04\/osmanli-devleti-neden-geriledi\/#respond"]}]},{"@type":"WebPage","@id":"https:\/\/tarihkursu.com\/index.php\/2020\/05\/04\/osmanli-devleti-neden-geriledi\/","url":"https:\/\/tarihkursu.com\/index.php\/2020\/05\/04\/osmanli-devleti-neden-geriledi\/","name":"OSMANLI DEVLET\u0130 NEDEN GER\u0130LED\u0130? - tarihkursu.com","isPartOf":{"@id":"https:\/\/tarihkursu.com\/#website"},"datePublished":"2020-05-04T18:49:00+00:00","breadcrumb":{"@id":"https:\/\/tarihkursu.com\/index.php\/2020\/05\/04\/osmanli-devleti-neden-geriledi\/#breadcrumb"},"inLanguage":"tr","potentialAction":[{"@type":"ReadAction","target":["https:\/\/tarihkursu.com\/index.php\/2020\/05\/04\/osmanli-devleti-neden-geriledi\/"]}]},{"@type":"BreadcrumbList","@id":"https:\/\/tarihkursu.com\/index.php\/2020\/05\/04\/osmanli-devleti-neden-geriledi\/#breadcrumb","itemListElement":[{"@type":"ListItem","position":1,"name":"Anasayfa","item":"https:\/\/tarihkursu.com\/"},{"@type":"ListItem","position":2,"name":"OSMANLI DEVLET\u0130 NEDEN GER\u0130LED\u0130?"}]},{"@type":"WebSite","@id":"https:\/\/tarihkursu.com\/#website","url":"https:\/\/tarihkursu.com\/","name":"Tarih Kursu","description":"\u0130\u015fimiz G\u00fcc\u00fcm\u00fcz Tarih","publisher":{"@id":"https:\/\/tarihkursu.com\/#\/schema\/person\/4d7bdc3b79e9f5198455474c0f203f3c"},"potentialAction":[{"@type":"SearchAction","target":{"@type":"EntryPoint","urlTemplate":"https:\/\/tarihkursu.com\/?s={search_term_string}"},"query-input":{"@type":"PropertyValueSpecification","valueRequired":true,"valueName":"search_term_string"}}],"inLanguage":"tr"},{"@type":["Person","Organization"],"@id":"https:\/\/tarihkursu.com\/#\/schema\/person\/4d7bdc3b79e9f5198455474c0f203f3c","name":"admin","image":{"@type":"ImageObject","inLanguage":"tr","@id":"https:\/\/tarihkursu.com\/wp-content\/uploads\/2024\/10\/TARIHKURSU-Kopyasi.png","url":"https:\/\/tarihkursu.com\/wp-content\/uploads\/2024\/10\/TARIHKURSU-Kopyasi.png","contentUrl":"https:\/\/tarihkursu.com\/wp-content\/uploads\/2024\/10\/TARIHKURSU-Kopyasi.png","width":1080,"height":1080,"caption":"admin"},"logo":{"@id":"https:\/\/tarihkursu.com\/wp-content\/uploads\/2024\/10\/TARIHKURSU-Kopyasi.png"},"sameAs":["https:\/\/tarihkursu.com"]},{"@type":"Person","@id":"https:\/\/tarihkursu.com\/#\/schema\/person\/d0f9105e31352dbe9f08d098ffb8c878","name":"tarihkursu","image":{"@type":"ImageObject","inLanguage":"tr","@id":"https:\/\/secure.gravatar.com\/avatar\/1354763acbc865faa7650c3e1e4431f187276d71f132349411302a546cdeae54?s=96&d=mm&r=g","url":"https:\/\/secure.gravatar.com\/avatar\/1354763acbc865faa7650c3e1e4431f187276d71f132349411302a546cdeae54?s=96&d=mm&r=g","contentUrl":"https:\/\/secure.gravatar.com\/avatar\/1354763acbc865faa7650c3e1e4431f187276d71f132349411302a546cdeae54?s=96&d=mm&r=g","caption":"tarihkursu"},"url":"https:\/\/tarihkursu.com\/index.php\/author\/tarihkursu\/"}]}},"_links":{"self":[{"href":"https:\/\/tarihkursu.com\/index.php\/wp-json\/wp\/v2\/posts\/503","targetHints":{"allow":["GET"]}}],"collection":[{"href":"https:\/\/tarihkursu.com\/index.php\/wp-json\/wp\/v2\/posts"}],"about":[{"href":"https:\/\/tarihkursu.com\/index.php\/wp-json\/wp\/v2\/types\/post"}],"author":[{"embeddable":true,"href":"https:\/\/tarihkursu.com\/index.php\/wp-json\/wp\/v2\/users\/2"}],"replies":[{"embeddable":true,"href":"https:\/\/tarihkursu.com\/index.php\/wp-json\/wp\/v2\/comments?post=503"}],"version-history":[{"count":0,"href":"https:\/\/tarihkursu.com\/index.php\/wp-json\/wp\/v2\/posts\/503\/revisions"}],"wp:attachment":[{"href":"https:\/\/tarihkursu.com\/index.php\/wp-json\/wp\/v2\/media?parent=503"}],"wp:term":[{"taxonomy":"category","embeddable":true,"href":"https:\/\/tarihkursu.com\/index.php\/wp-json\/wp\/v2\/categories?post=503"},{"taxonomy":"post_tag","embeddable":true,"href":"https:\/\/tarihkursu.com\/index.php\/wp-json\/wp\/v2\/tags?post=503"}],"curies":[{"name":"wp","href":"https:\/\/api.w.org\/{rel}","templated":true}]}}