{"id":607,"date":"2019-05-28T09:29:00","date_gmt":"2019-05-28T06:29:00","guid":{"rendered":"https:\/\/tarihkursu.com\/index.php\/2019\/05\/28\/ataturk-donemi-ic-politikadaki-gelismeler-4-unite-iki-savas-arasindaki-donemde-turkiye-ve-dunya-1-konu\/"},"modified":"2019-05-28T09:29:00","modified_gmt":"2019-05-28T06:29:00","slug":"ataturk-donemi-ic-politikadaki-gelismeler-4-unite-iki-savas-arasindaki-donemde-turkiye-ve-dunya-1-konu","status":"publish","type":"post","link":"https:\/\/tarihkursu.com\/index.php\/2019\/05\/28\/ataturk-donemi-ic-politikadaki-gelismeler-4-unite-iki-savas-arasindaki-donemde-turkiye-ve-dunya-1-konu\/","title":{"rendered":"ATAT\u00dcRK D\u00d6NEM\u0130 \u0130\u00c7 POL\u0130T\u0130KADAK\u0130 GEL\u0130\u015eMELER, 4. \u00dcN\u0130TE \u0130K\u0130 SAVA\u015e ARASINDAK\u0130 D\u00d6NEMDE T\u00dcRK\u0130YE VE D\u00dcNYA 1. KONU"},"content":{"rendered":"<div style=\"clear: both; text-align: center;\">\n<a href=\"https:\/\/blogger.googleusercontent.com\/img\/b\/R29vZ2xl\/AVvXsEhHGGYI_YWgP5KFkkoCogAMX3BtN6wh9jeeLQzaNfp3lDMyJIkk4Oa-yGU39Id-iTxcvrt_scnMO8Wjpbt2DR_GU-5ZAKP6HePcD3PBGoLkd32jWINi9xPHCj26a_QhDpQu3nJGFJDF3kCy\/s1600\/ink%25C4%25B1lap+ders+notu.jpg\" style=\"clear: left; float: left; margin-bottom: 1em; margin-right: 1em;\"><span style=\"color: black;\"><img loading=\"lazy\" decoding=\"async\" border=\"0\" data-original-height=\"720\" data-original-width=\"960\" height=\"240\" src=\"https:\/\/blogger.googleusercontent.com\/img\/b\/R29vZ2xl\/AVvXsEhHGGYI_YWgP5KFkkoCogAMX3BtN6wh9jeeLQzaNfp3lDMyJIkk4Oa-yGU39Id-iTxcvrt_scnMO8Wjpbt2DR_GU-5ZAKP6HePcD3PBGoLkd32jWINi9xPHCj26a_QhDpQu3nJGFJDF3kCy\/s320\/ink%25C4%25B1lap+ders+notu.jpg\" width=\"320\" \/><\/span><\/a><\/div>\n<p><span style=\"font-size: large;\"><b style=\"background-color: white; font-family: &quot;Times New Roman&quot;, Times, FreeSerif, serif;\">T\u00fcrkiye Cumhuriyeti \u0130nk\u0131lap Tarihi ve Atat\u00fcrk\u00e7\u00fcl\u00fck ders notlar\u0131,&nbsp;<\/b><b style=\"background-color: white; font-family: &quot;Times New Roman&quot;, Times, FreeSerif, serif;\">Tarih ders notlar\u0131,<\/b><b style=\"background-color: white; font-family: &quot;Times New Roman&quot;, Times, FreeSerif, serif;\">&nbsp;tarih ders notlar\u0131, ayt tarih ders notlar\u0131, tyt tarih ders notlar\u0131, tarih \u00f6zet, tarih 9 ders notlar\u0131, tarih 10 ders notlar\u0131, tarih 11 ders notlar\u0131, ink\u0131lap tarihi ders notlar\u0131, \u00e7a\u011fda\u015f T\u00fcrk ve d\u00fcnya&nbsp;<\/b><b style=\"background-color: white; font-family: &quot;Times New Roman&quot;, Times, FreeSerif, serif;\">tarihi ders notlar\u0131, g\u00fcncel tarih ders notlar\u0131, \u00f6zet konu anlat\u0131m, k\u0131sa tarih, yeni kitaba g\u00f6re haz\u0131rlanm\u0131\u015f ders notlar\u0131, yeni m\u00fcfredat tarih , tarih pdf<\/b><\/span><br \/>\n<span style=\"font-size: large;\"><b style=\"background-color: white; font-family: &quot;Times New Roman&quot;, Times, FreeSerif, serif;\"><br \/><\/b><\/span><br \/>\n<span style=\"font-size: large;\"><b style=\"background-color: white; font-family: &quot;Times New Roman&quot;, Times, FreeSerif, serif;\">\u0130\u00c7\u0130NDEK\u0130LER<\/b><\/span><br \/>\n<span style=\"background-color: white;\"><span style=\"font-family: Times New Roman, Times, FreeSerif, serif; font-size: large;\"><b>ATAT\u00dcRK D\u00d6NEM\u0130 \u0130\u00c7 POL\u0130T\u0130KADAK\u0130 GEL\u0130\u015eMELER<\/b><\/span><\/span><br \/>\n<span style=\"background-color: white;\"><span style=\"font-family: Times New Roman, Times, FreeSerif, serif; font-size: large;\"><b>&nbsp;I. Meclis ve II. Meclis&nbsp;<\/b><\/span><\/span><br \/>\n<span style=\"font-family: Times New Roman, Times, FreeSerif, serif; font-size: large;\"><b>\u00c7ok Partili Hayata Ge\u00e7i\u015f Denemeleri ve&nbsp;<\/b><\/span><b style=\"font-family: &quot;Times New Roman&quot;, Times, FreeSerif, serif; font-size: x-large;\">Kar\u015f\u0131la\u015f\u0131lan Tepkiler<\/b><br \/>\n<b style=\"font-family: &quot;Times New Roman&quot;, Times, FreeSerif, serif; font-size: x-large;\">&nbsp;<\/b><span style=\"font-family: Times New Roman, Times, FreeSerif, serif; font-size: large;\"><b>Cumhuriyet Halk F\u0131rkas\u0131 (Partisi)<\/b><\/span><br \/>\n<span style=\"font-family: Times New Roman, Times, FreeSerif, serif; font-size: large;\"><b>Terakkiperver (\u0130lerici) Cumhuriyet F\u0131rkas\u0131 (Partisi)<\/b><\/span><br \/>\n<span style=\"font-family: Times New Roman, Times, FreeSerif, serif; font-size: large;\"><b>\u015eeyh Said Ayaklanmas\u0131 (13 \u015eubat 1925)<\/b><\/span><br \/>\n<span style=\"font-family: Times New Roman, Times, FreeSerif, serif; font-size: large;\"><b>Mustafa Kemal\u2019e Suikast Giri\u015fimi<\/b><\/span><br \/>\n<span style=\"font-family: Times New Roman, Times, FreeSerif, serif; font-size: large;\"><b>Serbest Cumhuriyet F\u0131rkas\u0131<\/b><\/span><br \/>\n<b style=\"font-size: x-large;\">Menemen Olay\u0131 (23 Aral\u0131k 1930)<\/b><br \/>\n<span style=\"font-family: Times New Roman, Times, FreeSerif, serif; font-size: large;\"><b><br \/><\/b><\/span><br \/>\n<span style=\"font-family: Times New Roman, Times, FreeSerif, serif; font-size: large;\"><b>I. Meclis&nbsp;<\/b><\/span><br \/>\n<span style=\"font-family: Times New Roman, Times, FreeSerif, serif; font-size: large;\">23 Nisan 1920\u2019de kurulan TBMM, I. Meclis olarak bilinir.<\/span><br \/>\n<span style=\"font-family: Times New Roman, Times, FreeSerif, serif; font-size: large;\">&nbsp;Mill\u00ee M\u00fccadeleyi y\u00f6netmi\u015ftir.<\/span><br \/>\n<span style=\"font-family: Times New Roman, Times, FreeSerif, serif; font-size: large;\">Meclisin amac\u0131 d\u00fc\u015fman\u0131 yurttan atmak ve yurtta ba\u011f\u0131ms\u0131zl\u0131\u011f\u0131 sa\u011flamakt\u0131r.<\/span><br \/>\n<span style=\"font-family: Times New Roman, Times, FreeSerif, serif; font-size: large;\">Mustafa Kemal Pa\u015fa I. Grup diye bilinen Anadolu ve Rumeli M\u00fcdafaa i Hukuk Grubu\u2019nu kurdu.<\/span><\/p>\n<p><span style=\"font-family: Times New Roman, Times, FreeSerif, serif; font-size: large;\">Di\u011fer milletvekillerinin olu\u015fturdu\u011fu gruba da II. Grup ad\u0131 verilirdi.<\/span><br \/>\n<span style=\"font-family: Times New Roman, Times, FreeSerif, serif; font-size: large;\"><br \/><\/span><br \/>\n<span style=\"font-family: Times New Roman, Times, FreeSerif, serif; font-size: large;\"><b>II. Meclis&nbsp;<\/b><\/span><br \/>\n<span style=\"font-family: Times New Roman, Times, FreeSerif, serif; font-size: large;\">Mill\u00ee M\u00fccadele D\u00f6nemi sona erince TBMM, 1 Nisan 1923\u2019te se\u00e7imlerin yenilenmesine karar verdi.<\/span><br \/>\n<span style=\"font-family: Times New Roman, Times, FreeSerif, serif; font-size: large;\">&nbsp;1923\u2019te Mustafa Kemal\u2019in kurdu\u011fu I. Grup (Halk F\u0131rkas\u0131) \u00e7o\u011funlu\u011fu elde etti.<\/span><br \/>\n<span style=\"font-family: Times New Roman, Times, FreeSerif, serif; font-size: large;\">11&nbsp; A\u011fustos 1923\u2019te toplanan II. Meclis\u2019in ilk faaliyetlerinden biri, 23 A\u011fustos 1923\u2019te Lozan Bar\u0131\u015f Antla\u015fmas\u0131\u2019n\u0131 onaylamak oldu.<\/span><br \/>\n<span style=\"font-family: Times New Roman, Times, FreeSerif, serif; font-size: large;\"><\/span><br \/>\n<span style=\"font-family: Times New Roman, Times, FreeSerif, serif; font-size: large;\">13 Kas\u0131m 1918\u2019de fiilen i\u015fgale u\u011frayan \u0130stanbul, 6 Ekim 1923\u2019te d\u00fc\u015fman i\u015fgalinden kurtar\u0131ld\u0131.<\/span><br \/>\n<span style=\"font-family: Times New Roman, Times, FreeSerif, serif; font-size: large;\"><br \/><\/span><br \/>\n<span style=\"font-family: Times New Roman, Times, FreeSerif, serif; font-size: large;\"><b>\u00c7ok Partili Hayata Ge\u00e7i\u015f Denemeleri ve Kar\u015f\u0131la\u015f\u0131lan Tepkiler<\/b><\/span><br \/>\n<span style=\"font-size: large;\">Demokrasi, bir milletin iyi, g\u00fczel ve mutluluk i\u00e7inde ya\u015famas\u0131 i\u00e7in kullan\u0131lan en iyi y\u00f6netim sistemidir.<\/span><\/p>\n<div>\n<div>\n<span style=\"font-size: large;\">Halk\u0131n y\u00f6netime kat\u0131l\u0131m\u0131 olarak bilinir.<\/span><\/div>\n<div>\n<span style=\"font-size: large;\">Cumhuriyet ise demokrasinin uygulama bi\u00e7imidir.<\/span><\/div>\n<div>\n<span style=\"font-size: large;\">Demokrasilerin en \u00f6nemli unsuru farkl\u0131 g\u00f6r\u00fc\u015flerdir.<\/span><\/div>\n<div>\n<span style=\"font-size: large;\">G\u00f6r\u00fc\u015flerin serbest\u00e7e te\u015fkilatland\u0131r\u0131lmas\u0131 siyas\u00ee partilerle ger\u00e7ekle\u015ftirilir.<\/span><\/div>\n<div>\n<span style=\"font-size: large;\">\u00dclke y\u00f6netiminde s\u00f6z sahibi olmak amac\u0131yla \u00f6rg\u00fctlenen bu gruplara, siyasi partiler ad\u0131 verilir.<\/span><\/div>\n<\/div>\n<div>\n<span style=\"font-size: large;\"><br \/><\/span><\/div>\n<div>\n<span style=\"font-size: large;\"><b>Cumhuriyet Halk F\u0131rkas\u0131 9 Eyl\u00fcl 1923<\/b><\/span><\/div>\n<div>\n<span style=\"font-size: large;\"><\/p>\n<div>\nMill\u00ee M\u00fccadele\u2019nin kazan\u0131lmas\u0131ndan sonra Mustafa Kemal,&nbsp;<\/div>\n<div>\nink\u0131laplar\u0131 yapabilmek i\u00e7in, birlikte uyum i\u00e7inde \u00e7al\u0131\u015fabilece\u011fi kadro olu\u015fturdu.<\/div>\n<div>\n\u00dclkede yap\u0131lacak yenilikleri parti program\u0131na almak ve yap\u0131lacak ink\u0131laplar\u0131 benimseyecek milletvekillerinin meclise (II. Meclis) girmeleri i\u00e7in Cumhuriyet Halk F\u0131rkas\u0131 olu\u015fturuldu.<\/div>\n<div>\nPartinin program\u0131n\u0131 halk\u00e7\u0131l\u0131k ilkesine ba\u011fl\u0131l\u0131kt\u0131r.<\/div>\n<div>\nPartiyi herhangi bir toplumsal s\u0131n\u0131f\u0131n de\u011fil b\u00fct\u00fcn halk\u0131n partisi yapmak ama\u00e7 edinildi.<\/div>\n<div>\nT\u00fcrkiye Cumhuriyeti&#8217;nin ilk partisi \u201cHalk F\u0131rkas\u0131&#8221; 9 Eyl\u00fcl 1923\u2019te kuruldu.<\/div>\n<div>\n10 Kas\u0131m 1924\u2019te partinin ad\u0131 Cumhuriyet Halk F\u0131rkas\u0131 oldu.<\/div>\n<div>\n1950\u2019de Demokrat Parti iktidara gelinceye kadar \u00fclkeyi tek ba\u015f\u0131na y\u00f6netti.<\/div>\n<div>\nCumhuriyet Halk Partisi 1980&#8217;de kapat\u0131ld\u0131. 1992 y\u0131l\u0131nda ise yeniden kuruldu.<\/div>\n<div>\n<\/div>\n<div>\n<b>Terakkiperver (\u0130lerici) Cumhuriyet F\u0131rkas\u0131 17 Kas\u0131m 1924<\/b><\/div>\n<p><\/span><\/div>\n<div>\n<div>\n<span style=\"font-size: large;\">Zaferin kazan\u0131lmas\u0131, sonunda, I. Meclis&#8217;in g\u00f6revini tamamlamas\u0131 ile II.Meclis \u00e7al\u0131\u015fmalar\u0131na ba\u015flad\u0131.<\/span><\/div>\n<div>\n<span style=\"font-size: large;\">M. Kemal ile baz\u0131 arkada\u015flar\u0131 g\u00f6r\u00fc\u015f ayr\u0131l\u0131klar\u0131na d\u00fc\u015ft\u00fcler.<\/span><\/div>\n<div>\n<span style=\"font-size: large;\">\u00d6zellikle saltanat ve halifelik konular\u0131 ile ink\u0131laplar konusunda g\u00f6r\u00fc\u015fleri ayr\u0131lan ki\u015filer ordudaki g\u00f6revlerinden ayr\u0131l\u0131p milletvekili olmak istediler.<\/span><\/div>\n<div>\n<span style=\"font-size: large;\">Mustafa Kemal\u2019in iste\u011fi \u00fczerine meclisin \u00e7\u0131kard\u0131\u011f\u0131 bir yasayla askerlik mesle\u011fini yapanlar\u0131n milletvekili olmalar\u0131 yasakland\u0131.<\/span><\/div>\n<div>\n<span style=\"font-size: large;\">B\u00f6ylece ordu siyaset d\u0131\u015f\u0131 b\u0131rak\u0131ld\u0131.<\/span><\/div>\n<div>\n<span style=\"font-size: large;\">Ali Fuat Cebesoy, Kaz\u0131m Karabekir, Rauf Orbay, Refet Bele, Adnan Ad\u0131var yeni bir parti haz\u0131rl\u0131\u011f\u0131na giri\u015ftiler.<\/span><\/div>\n<\/div>\n<div>\n<span style=\"font-size: large;\">17 Kas\u0131m 1924&#8217;te yeni bir parti kurdular.<\/span><\/div>\n<div>\n<span style=\"font-size: large;\"><\/p>\n<div>\nParti demokrasiye ve din duygusuna sayg\u0131l\u0131; ekonomide Liberalizmi destekler\u201d ilkelerini benimsedi.<\/div>\n<div>\nDo\u011frudan ink\u0131lap hareketlerine kar\u015f\u0131 kurulan bu parti \u00fclkedeki muhalefetin \u015femsiyesi oldu.<\/div>\n<div>\nMusul sorunu s\u0131ras\u0131nda \u00e7\u0131kan \u015eeyh Said \u0130syan\u0131\u2019n\u0131 \u0130ngiltere destekledi.<\/div>\n<div>\n\u015eeyh Said isyan\u0131 gerek\u00e7e edilerek Parti, \u0130stiklal Mahkemesi taraf\u0131ndan kapat\u0131ld\u0131 (3 Haziran 1925).<\/div>\n<div>\nCumhuriyet tarihinin ilk muhalefet partisi olan Terakkiperver Cumhuriyet F\u0131rkas\u0131 kapat\u0131ld\u0131. \u00c7ok partili hayat kesintiye u\u011fram\u0131\u015f oldu.<\/div>\n<div>\n<\/div>\n<div>\n<b>\u015eeyh Said Ayaklanmas\u0131 (13 \u015eubat 1925)<\/b><\/div>\n<div>\n<div>\nNeden:<\/div>\n<div>\nSaltanat ve halifeli\u011fin kald\u0131r\u0131lmas\u0131na duyulan tepki,<\/div>\n<div>\n\u0130ngiltere&#8217;nin Musul \u00fczerindeki d\u00fc\u015f\u00fcnceleri nedeni ile K\u00fcrt devletine destek olmas\u0131,<\/div>\n<div>\nToprak reformuna do\u011fudaki az\u0131nl\u0131klar\u0131n tepkisi,<\/div>\n<div>\nTerakkiperver Partisinin do\u011fudaki \u00e7al\u0131\u015fmalar\u0131,<\/div>\n<div>\n\u0130nk\u0131laplar\u0131n etkisi.<\/div>\n<div>\n<\/div>\n<div>\n<b>Sonu\u00e7:<\/b><\/div>\n<div>\n<div>\nBa\u015fbakan Fethi Bey h\u00fck\u00fcmeti d\u00fc\u015ft\u00fc, \u0130smet Pa\u015fa h\u00fck\u00fcmetini kurdu,<\/div>\n<div>\nSeferberlik ilan edildi,<\/div>\n<div>\n&nbsp;Nisan 1925&#8217;te isyan bast\u0131r\u0131ld\u0131,<\/div>\n<div>\n&nbsp;\u0130syanc\u0131lardan \u015eeyh Sait yakaland\u0131,<\/div>\n<div>\n\u0130stiklal Mahkemelerinde yarg\u0131lama yap\u0131ld\u0131,<\/div>\n<div>\nRejim tehlike ge\u00e7irdi,<\/div>\n<div>\n\u0130ngilizlerin Musul \u00fczerindeki etkisi sa\u011flamla\u015ft\u0131,<\/div>\n<div>\nTakrir-i S\u00fckun Kanunu \u00e7\u0131kt\u0131,<\/div>\n<div>\nAsayi\u015fin sa\u011flanmas\u0131, vatan\u0131n korunmas\u0131, rejimin k\u00f6kle\u015fmesi i\u00e7in tedbirler al\u0131nd\u0131.<\/div>\n<div style=\"font-weight: bold;\">\n<\/div>\n<div>\n<b>M. Kemal&#8217;e Suikast Giri\u015fimi (16 Haziran 1926)<\/b><\/div>\n<div>\n<div>\nTerakkiperver Cumhuriyet F\u0131rkas\u0131\u2019n\u0131n kapat\u0131lmas\u0131ndan sonra yeniliklere kar\u015f\u0131 olanlar ve eski \u0130ttihat\u00e7\u0131lar, siyasal yoldan ula\u015fmad\u0131klar\u0131 ama\u00e7lar\u0131n\u0131 Mustafa Kemal\u2019e suikast yaparak elde etmek istediler.<\/div>\n<div>\nM. Kemal&#8217;e \u0130zmir gezisi \u00f6ncesi suikast giri\u015fimi ortaya \u00e7\u0131kt\u0131 (16 Haziran 1926).<\/div>\n<div>\nSuikast\u00e7\u0131lar, Giritli \u015eevki\u2019nin ihbar etmesi sonucu ele ge\u00e7irildi.<\/div>\n<div>\nSuikast\u00e7\u0131lar, \u0130stiklal mahkemelerinde cezaland\u0131r\u0131ld\u0131. Vatan\u0131n korunmas\u0131, rejimin k\u00f6kle\u015fmesi i\u00e7in tedbirler al\u0131nd\u0131.<\/div>\n<div>\n<\/div>\n<div>\n<b>Serbest Cumhuriyet F\u0131rkas\u0131 12 A\u011fustos 1930<\/b><\/div>\n<div>\n<div>\nMecliste yaln\u0131z C.H.P. vard\u0131.&nbsp;<\/div>\n<div>\n\u00c7ok partili hayata ge\u00e7i\u015fin birinci a\u015famas\u0131 ba\u015far\u0131s\u0131z olmu\u015ftu,<\/div>\n<div>\n2. D\u00f6nem mecliste \u00e7al\u0131\u015fmalar\u0131n\u0131 y\u00fcr\u00fct\u00fcrken M. Kemal, &#8220;1929 D\u00fcnya ekonomik bunal\u0131m\u0131n\u0131 a\u015fmak amac\u0131 ile h\u00fck\u00fcmetin politikalar\u0131n\u0131n denetlenmesi ve yeni kadrolar\u0131n olu\u015fmas\u0131 i\u00e7in yak\u0131n arkada\u015f\u0131 Fethi Okyar Bey&#8217;e 12 A\u011fustos 1930&#8217;da Serbest Cumhuriyet F\u0131rkas\u0131\u2019n\u0131 kurdurdu.<\/div>\n<div>\nSerbest Cumhuriyet F\u0131rkas\u0131 Cumhuriyet\u00e7i, milliyet\u00e7i, l\u00e2ik, Ekonomide Liberal, Karma ekonomiye kar\u015f\u0131 idi.<\/div>\n<div>\nK\u0131sa s\u00fcrede bu parti de b\u00fcy\u00fcd\u00fc.<\/div>\n<div>\nM. Kemal kar\u015f\u0131tlar\u0131 h\u0131zla parti etraf\u0131nda topland\u0131.&nbsp;<\/div>\n<div>\nLaiklik aleyhtarlar\u0131 artt\u0131.<\/div>\n<div>\nBunun \u00fczerine parti 18 Aral\u0131k 1930&#8217;da kapat\u0131ld\u0131.<\/div>\n<div>\n<\/div>\n<div>\n<b>Menemen Olay\u0131 (23 Aral\u0131k 1930)<\/b><\/div>\n<div>\n<div>\nNeden:<\/div>\n<div>\nTekke ve zaviyelerin kapat\u0131lmas\u0131,<\/div>\n<div>\nAnayasan\u0131n laikle\u015fmesi,<\/div>\n<div>\nSerbest Cumhuriyet f\u0131rkas\u0131n\u0131n kapanmas\u0131,<\/div>\n<div>\nDervi\u015f Mehmet, Menemen\u2019de &#8220;Din elden gidiyor! \u015eeriat isteriz&#8221; \u015feklinde halk k\u0131\u015fk\u0131rt\u0131nca, Yedek subay \u00d6\u011fretmen Kubilay&#8217;\u0131n olaya el koymak istedi\u011fi s\u0131rada \u00f6ld\u00fcr\u00fclmesi ile ba\u015flayan olaya Menemen Olay\u0131 denir.<\/div>\n<\/div>\n<div>\n<div>\nSonu\u00e7:<\/div>\n<div>\nH\u00fck\u00fcmet duruma el koydu.<\/div>\n<div>\nOlaya kar\u0131\u015fanlar \u015fiddetle cezaland\u0131r\u0131ld\u0131.<\/div>\n<div>\nII. D\u00fcnya Sava\u015f\u0131n\u0131n sonradan patlak vermesi ile \u00e7ok partili hayata ge\u00e7i\u015f ask\u0131ya al\u0131nd\u0131.<\/div>\n<div>\nMenemen Olay\u0131 laiklik ilkesinin yanl\u0131\u015f anla\u015f\u0131ld\u0131\u011f\u0131n\u0131n bir g\u00f6stergesidir. Bu olay sonunda \u0130nk\u0131laplara h\u0131z verilir.<\/div>\n<div>\nUyar\u0131: Serbest F\u0131rka denemesi ve Menemen olay\u0131 ile daha \u00fclkede Demokrasi ortam\u0131n\u0131n olu\u015fmad\u0131\u011f\u0131 g\u00f6r\u00fclm\u00fc\u015ft\u00fcr.<\/div>\n<div>\n<\/div>\n<\/div>\n<\/div>\n<\/div>\n<\/div>\n<\/div>\n<p><\/span><\/div>\n<div style=\"background-color: white; color: #444444; font-family: Roboto, sans-serif;\">\n<span style=\"font-size: large;\"><span style=\"color: grey; font-family: roboto, sans-serif;\">Not: \u00dcnitenin devam\u0131na&nbsp;<\/span><a href=\"http:\/\/www.tarihkursu.com\/search\/label\/Ders%20Notlar%C4%B1\" style=\"background: transparent; color: #31c9f3; font-family: roboto, sans-serif; text-decoration-line: none;\">www.tarihkursu.com \/ders notlar\u0131<\/a><span style=\"color: grey; font-family: roboto, sans-serif;\">&nbsp;b\u00f6l\u00fcm\u00fcnden ula\u015fabilirsiniz.<\/span><\/span><\/div>\n<div style=\"background-color: white; color: grey; font-family: Roboto, sans-serif;\">\n<span style=\"color: #444444;\"><span style=\"font-size: large;\"><br \/><\/span><\/span><\/div>\n<div style=\"background-color: white; color: #444444; font-family: Roboto, sans-serif;\">\n<span style=\"color: grey; font-family: roboto, sans-serif;\"><span style=\"font-size: large;\">Daha fazlas\u0131 i\u00e7in bizi takip edin<\/span><\/span><\/div>\n<div style=\"background-color: white; color: grey; font-family: Roboto, sans-serif;\">\n<div>\n<a href=\"http:\/\/www.tarihkursu.com\/\" style=\"background: transparent; color: #31c9f3; outline: 0px; text-decoration-line: none;\"><span style=\"font-size: large;\">http:\/\/www.tarihkursu.com\/<\/span><\/a><\/div>\n<div>\n<a href=\"https:\/\/www.facebook.com\/tarihkursu\/\" style=\"background: transparent; color: #31c9f3; outline: 0px; text-decoration-line: none;\"><span style=\"font-size: large;\">Facebook sayfam\u0131z\u0131 be\u011fenmek i\u00e7in t\u0131klay\u0131n<\/span><\/a><\/div>\n<div>\n<a href=\"https:\/\/www.youtube.com\/channel\/UCcXZauyDbkHjddTYFBn4BCw\" style=\"background: transparent; color: #31c9f3; text-decoration-line: none;\"><span style=\"font-size: large;\">Yotube kanal\u0131m\u0131za abone olmak i\u00e7in t\u0131klay\u0131n<\/span><\/a><\/div>\n<\/div>\n<div style=\"background-color: white; color: grey; font-family: Roboto, sans-serif;\">\n<span style=\"background: transparent; color: #31c9f3;\"><a href=\"https:\/\/www.instagram.com\/tarihkursu\/?hl=tr\" style=\"background: transparent; color: #31c9f3; text-decoration-line: none;\"><span style=\"font-size: large;\">\u0130nstagram sayfam\u0131z\u0131 takip etmen i\u00e7in t\u0131kla<\/span><\/a><\/span><\/div>\n<p><span style=\"font-size: large;\"><b style=\"background-color: white; color: grey; font-family: &quot;Times New Roman&quot;, Times, FreeSerif, serif;\"><br \/><\/b><\/span><\/p>\n","protected":false},"excerpt":{"rendered":"<div class=\"mh-excerpt\"><p>T\u00fcrkiye Cumhuriyeti \u0130nk\u0131lap Tarihi ve Atat\u00fcrk\u00e7\u00fcl\u00fck ders notlar\u0131,&nbsp;Tarih ders notlar\u0131,&nbsp;tarih ders notlar\u0131, ayt tarih ders notlar\u0131, tyt tarih ders notlar\u0131, tarih \u00f6zet, tarih 9 ders <a class=\"mh-excerpt-more\" href=\"https:\/\/tarihkursu.com\/index.php\/2019\/05\/28\/ataturk-donemi-ic-politikadaki-gelismeler-4-unite-iki-savas-arasindaki-donemde-turkiye-ve-dunya-1-konu\/\" title=\"ATAT\u00dcRK D\u00d6NEM\u0130 \u0130\u00c7 POL\u0130T\u0130KADAK\u0130 GEL\u0130\u015eMELER, 4. \u00dcN\u0130TE \u0130K\u0130 SAVA\u015e ARASINDAK\u0130 D\u00d6NEMDE T\u00dcRK\u0130YE VE D\u00dcNYA 1. KONU\">[&#8230;]<\/a><\/p>\n<\/div>","protected":false},"author":2,"featured_media":0,"comment_status":"open","ping_status":"open","sticky":false,"template":"","format":"standard","meta":{"_regular_price":[],"currency_symbol":[],"footnotes":""},"categories":[58,69],"tags":[],"class_list":["post-607","post","type-post","status-publish","format-standard","hentry","category-ders-notlari","category-inkilap-ders-notlari"],"post_slider_layout_featured_media_urls":{"thumbnail":"","post_slider_layout_landscape_large":"","post_slider_layout_portrait_large":"","post_slider_layout_square_large":"","post_slider_layout_landscape":"","post_slider_layout_portrait":"","post_slider_layout_square":"","full":""},"yoast_head":"<!-- This site is optimized with the Yoast SEO plugin v27.5 - https:\/\/yoast.com\/product\/yoast-seo-wordpress\/ -->\n<title>ATAT\u00dcRK D\u00d6NEM\u0130 \u0130\u00c7 POL\u0130T\u0130KADAK\u0130 GEL\u0130\u015eMELER, 4. \u00dcN\u0130TE \u0130K\u0130 SAVA\u015e ARASINDAK\u0130 D\u00d6NEMDE T\u00dcRK\u0130YE VE D\u00dcNYA 1. KONU - tarihkursu.com<\/title>\n<meta name=\"robots\" content=\"index, follow, max-snippet:-1, max-image-preview:large, max-video-preview:-1\" \/>\n<link rel=\"canonical\" href=\"https:\/\/tarihkursu.com\/index.php\/2019\/05\/28\/ataturk-donemi-ic-politikadaki-gelismeler-4-unite-iki-savas-arasindaki-donemde-turkiye-ve-dunya-1-konu\/\" \/>\n<meta property=\"og:locale\" content=\"tr_TR\" \/>\n<meta property=\"og:type\" content=\"article\" \/>\n<meta property=\"og:title\" content=\"ATAT\u00dcRK D\u00d6NEM\u0130 \u0130\u00c7 POL\u0130T\u0130KADAK\u0130 GEL\u0130\u015eMELER, 4. \u00dcN\u0130TE \u0130K\u0130 SAVA\u015e ARASINDAK\u0130 D\u00d6NEMDE T\u00dcRK\u0130YE VE D\u00dcNYA 1. KONU - tarihkursu.com\" \/>\n<meta property=\"og:description\" content=\"T\u00fcrkiye Cumhuriyeti \u0130nk\u0131lap Tarihi ve Atat\u00fcrk\u00e7\u00fcl\u00fck ders notlar\u0131,&nbsp;Tarih ders notlar\u0131,&nbsp;tarih ders notlar\u0131, ayt tarih ders notlar\u0131, tyt tarih ders notlar\u0131, tarih \u00f6zet, tarih 9 ders [...]\" \/>\n<meta property=\"og:url\" content=\"https:\/\/tarihkursu.com\/index.php\/2019\/05\/28\/ataturk-donemi-ic-politikadaki-gelismeler-4-unite-iki-savas-arasindaki-donemde-turkiye-ve-dunya-1-konu\/\" \/>\n<meta property=\"og:site_name\" content=\"tarihkursu.com\" \/>\n<meta property=\"article:published_time\" content=\"2019-05-28T06:29:00+00:00\" \/>\n<meta property=\"og:image\" content=\"https:\/\/blogger.googleusercontent.com\/img\/b\/R29vZ2xl\/AVvXsEhHGGYI_YWgP5KFkkoCogAMX3BtN6wh9jeeLQzaNfp3lDMyJIkk4Oa-yGU39Id-iTxcvrt_scnMO8Wjpbt2DR_GU-5ZAKP6HePcD3PBGoLkd32jWINi9xPHCj26a_QhDpQu3nJGFJDF3kCy\/s320\/ink%25C4%25B1lap+ders+notu.jpg\" \/>\n<meta name=\"author\" content=\"tarihkursu\" \/>\n<meta name=\"twitter:card\" content=\"summary_large_image\" \/>\n<meta name=\"twitter:label1\" content=\"Yazan:\" \/>\n\t<meta name=\"twitter:data1\" content=\"tarihkursu\" \/>\n\t<meta name=\"twitter:label2\" content=\"Tahmini okuma s\u00fcresi\" \/>\n\t<meta name=\"twitter:data2\" content=\"6 dakika\" \/>\n<script type=\"application\/ld+json\" class=\"yoast-schema-graph\">{\"@context\":\"https:\\\/\\\/schema.org\",\"@graph\":[{\"@type\":\"Article\",\"@id\":\"https:\\\/\\\/tarihkursu.com\\\/index.php\\\/2019\\\/05\\\/28\\\/ataturk-donemi-ic-politikadaki-gelismeler-4-unite-iki-savas-arasindaki-donemde-turkiye-ve-dunya-1-konu\\\/#article\",\"isPartOf\":{\"@id\":\"https:\\\/\\\/tarihkursu.com\\\/index.php\\\/2019\\\/05\\\/28\\\/ataturk-donemi-ic-politikadaki-gelismeler-4-unite-iki-savas-arasindaki-donemde-turkiye-ve-dunya-1-konu\\\/\"},\"author\":{\"name\":\"tarihkursu\",\"@id\":\"https:\\\/\\\/tarihkursu.com\\\/#\\\/schema\\\/person\\\/d0f9105e31352dbe9f08d098ffb8c878\"},\"headline\":\"ATAT\u00dcRK D\u00d6NEM\u0130 \u0130\u00c7 POL\u0130T\u0130KADAK\u0130 GEL\u0130\u015eMELER, 4. \u00dcN\u0130TE \u0130K\u0130 SAVA\u015e ARASINDAK\u0130 D\u00d6NEMDE T\u00dcRK\u0130YE VE D\u00dcNYA 1. KONU\",\"datePublished\":\"2019-05-28T06:29:00+00:00\",\"mainEntityOfPage\":{\"@id\":\"https:\\\/\\\/tarihkursu.com\\\/index.php\\\/2019\\\/05\\\/28\\\/ataturk-donemi-ic-politikadaki-gelismeler-4-unite-iki-savas-arasindaki-donemde-turkiye-ve-dunya-1-konu\\\/\"},\"wordCount\":1227,\"commentCount\":0,\"publisher\":{\"@id\":\"https:\\\/\\\/tarihkursu.com\\\/#\\\/schema\\\/person\\\/4d7bdc3b79e9f5198455474c0f203f3c\"},\"image\":{\"@id\":\"https:\\\/\\\/tarihkursu.com\\\/index.php\\\/2019\\\/05\\\/28\\\/ataturk-donemi-ic-politikadaki-gelismeler-4-unite-iki-savas-arasindaki-donemde-turkiye-ve-dunya-1-konu\\\/#primaryimage\"},\"thumbnailUrl\":\"https:\\\/\\\/blogger.googleusercontent.com\\\/img\\\/b\\\/R29vZ2xl\\\/AVvXsEhHGGYI_YWgP5KFkkoCogAMX3BtN6wh9jeeLQzaNfp3lDMyJIkk4Oa-yGU39Id-iTxcvrt_scnMO8Wjpbt2DR_GU-5ZAKP6HePcD3PBGoLkd32jWINi9xPHCj26a_QhDpQu3nJGFJDF3kCy\\\/s320\\\/ink%25C4%25B1lap+ders+notu.jpg\",\"articleSection\":[\"Ders Notlar\u0131\",\"ink\u0131lap ders notlar\u0131\"],\"inLanguage\":\"tr\",\"potentialAction\":[{\"@type\":\"CommentAction\",\"name\":\"Comment\",\"target\":[\"https:\\\/\\\/tarihkursu.com\\\/index.php\\\/2019\\\/05\\\/28\\\/ataturk-donemi-ic-politikadaki-gelismeler-4-unite-iki-savas-arasindaki-donemde-turkiye-ve-dunya-1-konu\\\/#respond\"]}]},{\"@type\":\"WebPage\",\"@id\":\"https:\\\/\\\/tarihkursu.com\\\/index.php\\\/2019\\\/05\\\/28\\\/ataturk-donemi-ic-politikadaki-gelismeler-4-unite-iki-savas-arasindaki-donemde-turkiye-ve-dunya-1-konu\\\/\",\"url\":\"https:\\\/\\\/tarihkursu.com\\\/index.php\\\/2019\\\/05\\\/28\\\/ataturk-donemi-ic-politikadaki-gelismeler-4-unite-iki-savas-arasindaki-donemde-turkiye-ve-dunya-1-konu\\\/\",\"name\":\"ATAT\u00dcRK D\u00d6NEM\u0130 \u0130\u00c7 POL\u0130T\u0130KADAK\u0130 GEL\u0130\u015eMELER, 4. \u00dcN\u0130TE \u0130K\u0130 SAVA\u015e ARASINDAK\u0130 D\u00d6NEMDE T\u00dcRK\u0130YE VE D\u00dcNYA 1. KONU - tarihkursu.com\",\"isPartOf\":{\"@id\":\"https:\\\/\\\/tarihkursu.com\\\/#website\"},\"primaryImageOfPage\":{\"@id\":\"https:\\\/\\\/tarihkursu.com\\\/index.php\\\/2019\\\/05\\\/28\\\/ataturk-donemi-ic-politikadaki-gelismeler-4-unite-iki-savas-arasindaki-donemde-turkiye-ve-dunya-1-konu\\\/#primaryimage\"},\"image\":{\"@id\":\"https:\\\/\\\/tarihkursu.com\\\/index.php\\\/2019\\\/05\\\/28\\\/ataturk-donemi-ic-politikadaki-gelismeler-4-unite-iki-savas-arasindaki-donemde-turkiye-ve-dunya-1-konu\\\/#primaryimage\"},\"thumbnailUrl\":\"https:\\\/\\\/blogger.googleusercontent.com\\\/img\\\/b\\\/R29vZ2xl\\\/AVvXsEhHGGYI_YWgP5KFkkoCogAMX3BtN6wh9jeeLQzaNfp3lDMyJIkk4Oa-yGU39Id-iTxcvrt_scnMO8Wjpbt2DR_GU-5ZAKP6HePcD3PBGoLkd32jWINi9xPHCj26a_QhDpQu3nJGFJDF3kCy\\\/s320\\\/ink%25C4%25B1lap+ders+notu.jpg\",\"datePublished\":\"2019-05-28T06:29:00+00:00\",\"breadcrumb\":{\"@id\":\"https:\\\/\\\/tarihkursu.com\\\/index.php\\\/2019\\\/05\\\/28\\\/ataturk-donemi-ic-politikadaki-gelismeler-4-unite-iki-savas-arasindaki-donemde-turkiye-ve-dunya-1-konu\\\/#breadcrumb\"},\"inLanguage\":\"tr\",\"potentialAction\":[{\"@type\":\"ReadAction\",\"target\":[\"https:\\\/\\\/tarihkursu.com\\\/index.php\\\/2019\\\/05\\\/28\\\/ataturk-donemi-ic-politikadaki-gelismeler-4-unite-iki-savas-arasindaki-donemde-turkiye-ve-dunya-1-konu\\\/\"]}]},{\"@type\":\"ImageObject\",\"inLanguage\":\"tr\",\"@id\":\"https:\\\/\\\/tarihkursu.com\\\/index.php\\\/2019\\\/05\\\/28\\\/ataturk-donemi-ic-politikadaki-gelismeler-4-unite-iki-savas-arasindaki-donemde-turkiye-ve-dunya-1-konu\\\/#primaryimage\",\"url\":\"https:\\\/\\\/blogger.googleusercontent.com\\\/img\\\/b\\\/R29vZ2xl\\\/AVvXsEhHGGYI_YWgP5KFkkoCogAMX3BtN6wh9jeeLQzaNfp3lDMyJIkk4Oa-yGU39Id-iTxcvrt_scnMO8Wjpbt2DR_GU-5ZAKP6HePcD3PBGoLkd32jWINi9xPHCj26a_QhDpQu3nJGFJDF3kCy\\\/s320\\\/ink%25C4%25B1lap+ders+notu.jpg\",\"contentUrl\":\"https:\\\/\\\/blogger.googleusercontent.com\\\/img\\\/b\\\/R29vZ2xl\\\/AVvXsEhHGGYI_YWgP5KFkkoCogAMX3BtN6wh9jeeLQzaNfp3lDMyJIkk4Oa-yGU39Id-iTxcvrt_scnMO8Wjpbt2DR_GU-5ZAKP6HePcD3PBGoLkd32jWINi9xPHCj26a_QhDpQu3nJGFJDF3kCy\\\/s320\\\/ink%25C4%25B1lap+ders+notu.jpg\"},{\"@type\":\"BreadcrumbList\",\"@id\":\"https:\\\/\\\/tarihkursu.com\\\/index.php\\\/2019\\\/05\\\/28\\\/ataturk-donemi-ic-politikadaki-gelismeler-4-unite-iki-savas-arasindaki-donemde-turkiye-ve-dunya-1-konu\\\/#breadcrumb\",\"itemListElement\":[{\"@type\":\"ListItem\",\"position\":1,\"name\":\"Anasayfa\",\"item\":\"https:\\\/\\\/tarihkursu.com\\\/\"},{\"@type\":\"ListItem\",\"position\":2,\"name\":\"ATAT\u00dcRK D\u00d6NEM\u0130 \u0130\u00c7 POL\u0130T\u0130KADAK\u0130 GEL\u0130\u015eMELER, 4. \u00dcN\u0130TE \u0130K\u0130 SAVA\u015e ARASINDAK\u0130 D\u00d6NEMDE T\u00dcRK\u0130YE VE D\u00dcNYA 1. KONU\"}]},{\"@type\":\"WebSite\",\"@id\":\"https:\\\/\\\/tarihkursu.com\\\/#website\",\"url\":\"https:\\\/\\\/tarihkursu.com\\\/\",\"name\":\"Tarih Kursu\",\"description\":\"\u0130\u015fimiz G\u00fcc\u00fcm\u00fcz Tarih\",\"publisher\":{\"@id\":\"https:\\\/\\\/tarihkursu.com\\\/#\\\/schema\\\/person\\\/4d7bdc3b79e9f5198455474c0f203f3c\"},\"potentialAction\":[{\"@type\":\"SearchAction\",\"target\":{\"@type\":\"EntryPoint\",\"urlTemplate\":\"https:\\\/\\\/tarihkursu.com\\\/?s={search_term_string}\"},\"query-input\":{\"@type\":\"PropertyValueSpecification\",\"valueRequired\":true,\"valueName\":\"search_term_string\"}}],\"inLanguage\":\"tr\"},{\"@type\":[\"Person\",\"Organization\"],\"@id\":\"https:\\\/\\\/tarihkursu.com\\\/#\\\/schema\\\/person\\\/4d7bdc3b79e9f5198455474c0f203f3c\",\"name\":\"admin\",\"image\":{\"@type\":\"ImageObject\",\"inLanguage\":\"tr\",\"@id\":\"https:\\\/\\\/tarihkursu.com\\\/wp-content\\\/uploads\\\/2024\\\/10\\\/TARIHKURSU-Kopyasi.png\",\"url\":\"https:\\\/\\\/tarihkursu.com\\\/wp-content\\\/uploads\\\/2024\\\/10\\\/TARIHKURSU-Kopyasi.png\",\"contentUrl\":\"https:\\\/\\\/tarihkursu.com\\\/wp-content\\\/uploads\\\/2024\\\/10\\\/TARIHKURSU-Kopyasi.png\",\"width\":1080,\"height\":1080,\"caption\":\"admin\"},\"logo\":{\"@id\":\"https:\\\/\\\/tarihkursu.com\\\/wp-content\\\/uploads\\\/2024\\\/10\\\/TARIHKURSU-Kopyasi.png\"},\"sameAs\":[\"https:\\\/\\\/tarihkursu.com\"]},{\"@type\":\"Person\",\"@id\":\"https:\\\/\\\/tarihkursu.com\\\/#\\\/schema\\\/person\\\/d0f9105e31352dbe9f08d098ffb8c878\",\"name\":\"tarihkursu\",\"image\":{\"@type\":\"ImageObject\",\"inLanguage\":\"tr\",\"@id\":\"https:\\\/\\\/secure.gravatar.com\\\/avatar\\\/1354763acbc865faa7650c3e1e4431f187276d71f132349411302a546cdeae54?s=96&d=mm&r=g\",\"url\":\"https:\\\/\\\/secure.gravatar.com\\\/avatar\\\/1354763acbc865faa7650c3e1e4431f187276d71f132349411302a546cdeae54?s=96&d=mm&r=g\",\"contentUrl\":\"https:\\\/\\\/secure.gravatar.com\\\/avatar\\\/1354763acbc865faa7650c3e1e4431f187276d71f132349411302a546cdeae54?s=96&d=mm&r=g\",\"caption\":\"tarihkursu\"},\"url\":\"https:\\\/\\\/tarihkursu.com\\\/index.php\\\/author\\\/tarihkursu\\\/\"}]}<\/script>\n<!-- \/ Yoast SEO plugin. -->","yoast_head_json":{"title":"ATAT\u00dcRK D\u00d6NEM\u0130 \u0130\u00c7 POL\u0130T\u0130KADAK\u0130 GEL\u0130\u015eMELER, 4. \u00dcN\u0130TE \u0130K\u0130 SAVA\u015e ARASINDAK\u0130 D\u00d6NEMDE T\u00dcRK\u0130YE VE D\u00dcNYA 1. KONU - tarihkursu.com","robots":{"index":"index","follow":"follow","max-snippet":"max-snippet:-1","max-image-preview":"max-image-preview:large","max-video-preview":"max-video-preview:-1"},"canonical":"https:\/\/tarihkursu.com\/index.php\/2019\/05\/28\/ataturk-donemi-ic-politikadaki-gelismeler-4-unite-iki-savas-arasindaki-donemde-turkiye-ve-dunya-1-konu\/","og_locale":"tr_TR","og_type":"article","og_title":"ATAT\u00dcRK D\u00d6NEM\u0130 \u0130\u00c7 POL\u0130T\u0130KADAK\u0130 GEL\u0130\u015eMELER, 4. \u00dcN\u0130TE \u0130K\u0130 SAVA\u015e ARASINDAK\u0130 D\u00d6NEMDE T\u00dcRK\u0130YE VE D\u00dcNYA 1. KONU - tarihkursu.com","og_description":"T\u00fcrkiye Cumhuriyeti \u0130nk\u0131lap Tarihi ve Atat\u00fcrk\u00e7\u00fcl\u00fck ders notlar\u0131,&nbsp;Tarih ders notlar\u0131,&nbsp;tarih ders notlar\u0131, ayt tarih ders notlar\u0131, tyt tarih ders notlar\u0131, tarih \u00f6zet, tarih 9 ders [...]","og_url":"https:\/\/tarihkursu.com\/index.php\/2019\/05\/28\/ataturk-donemi-ic-politikadaki-gelismeler-4-unite-iki-savas-arasindaki-donemde-turkiye-ve-dunya-1-konu\/","og_site_name":"tarihkursu.com","article_published_time":"2019-05-28T06:29:00+00:00","og_image":[{"url":"https:\/\/blogger.googleusercontent.com\/img\/b\/R29vZ2xl\/AVvXsEhHGGYI_YWgP5KFkkoCogAMX3BtN6wh9jeeLQzaNfp3lDMyJIkk4Oa-yGU39Id-iTxcvrt_scnMO8Wjpbt2DR_GU-5ZAKP6HePcD3PBGoLkd32jWINi9xPHCj26a_QhDpQu3nJGFJDF3kCy\/s320\/ink%25C4%25B1lap+ders+notu.jpg","type":"","width":"","height":""}],"author":"tarihkursu","twitter_card":"summary_large_image","twitter_misc":{"Yazan:":"tarihkursu","Tahmini okuma s\u00fcresi":"6 dakika"},"schema":{"@context":"https:\/\/schema.org","@graph":[{"@type":"Article","@id":"https:\/\/tarihkursu.com\/index.php\/2019\/05\/28\/ataturk-donemi-ic-politikadaki-gelismeler-4-unite-iki-savas-arasindaki-donemde-turkiye-ve-dunya-1-konu\/#article","isPartOf":{"@id":"https:\/\/tarihkursu.com\/index.php\/2019\/05\/28\/ataturk-donemi-ic-politikadaki-gelismeler-4-unite-iki-savas-arasindaki-donemde-turkiye-ve-dunya-1-konu\/"},"author":{"name":"tarihkursu","@id":"https:\/\/tarihkursu.com\/#\/schema\/person\/d0f9105e31352dbe9f08d098ffb8c878"},"headline":"ATAT\u00dcRK D\u00d6NEM\u0130 \u0130\u00c7 POL\u0130T\u0130KADAK\u0130 GEL\u0130\u015eMELER, 4. \u00dcN\u0130TE \u0130K\u0130 SAVA\u015e ARASINDAK\u0130 D\u00d6NEMDE T\u00dcRK\u0130YE VE D\u00dcNYA 1. KONU","datePublished":"2019-05-28T06:29:00+00:00","mainEntityOfPage":{"@id":"https:\/\/tarihkursu.com\/index.php\/2019\/05\/28\/ataturk-donemi-ic-politikadaki-gelismeler-4-unite-iki-savas-arasindaki-donemde-turkiye-ve-dunya-1-konu\/"},"wordCount":1227,"commentCount":0,"publisher":{"@id":"https:\/\/tarihkursu.com\/#\/schema\/person\/4d7bdc3b79e9f5198455474c0f203f3c"},"image":{"@id":"https:\/\/tarihkursu.com\/index.php\/2019\/05\/28\/ataturk-donemi-ic-politikadaki-gelismeler-4-unite-iki-savas-arasindaki-donemde-turkiye-ve-dunya-1-konu\/#primaryimage"},"thumbnailUrl":"https:\/\/blogger.googleusercontent.com\/img\/b\/R29vZ2xl\/AVvXsEhHGGYI_YWgP5KFkkoCogAMX3BtN6wh9jeeLQzaNfp3lDMyJIkk4Oa-yGU39Id-iTxcvrt_scnMO8Wjpbt2DR_GU-5ZAKP6HePcD3PBGoLkd32jWINi9xPHCj26a_QhDpQu3nJGFJDF3kCy\/s320\/ink%25C4%25B1lap+ders+notu.jpg","articleSection":["Ders Notlar\u0131","ink\u0131lap ders notlar\u0131"],"inLanguage":"tr","potentialAction":[{"@type":"CommentAction","name":"Comment","target":["https:\/\/tarihkursu.com\/index.php\/2019\/05\/28\/ataturk-donemi-ic-politikadaki-gelismeler-4-unite-iki-savas-arasindaki-donemde-turkiye-ve-dunya-1-konu\/#respond"]}]},{"@type":"WebPage","@id":"https:\/\/tarihkursu.com\/index.php\/2019\/05\/28\/ataturk-donemi-ic-politikadaki-gelismeler-4-unite-iki-savas-arasindaki-donemde-turkiye-ve-dunya-1-konu\/","url":"https:\/\/tarihkursu.com\/index.php\/2019\/05\/28\/ataturk-donemi-ic-politikadaki-gelismeler-4-unite-iki-savas-arasindaki-donemde-turkiye-ve-dunya-1-konu\/","name":"ATAT\u00dcRK D\u00d6NEM\u0130 \u0130\u00c7 POL\u0130T\u0130KADAK\u0130 GEL\u0130\u015eMELER, 4. \u00dcN\u0130TE \u0130K\u0130 SAVA\u015e ARASINDAK\u0130 D\u00d6NEMDE T\u00dcRK\u0130YE VE D\u00dcNYA 1. KONU - tarihkursu.com","isPartOf":{"@id":"https:\/\/tarihkursu.com\/#website"},"primaryImageOfPage":{"@id":"https:\/\/tarihkursu.com\/index.php\/2019\/05\/28\/ataturk-donemi-ic-politikadaki-gelismeler-4-unite-iki-savas-arasindaki-donemde-turkiye-ve-dunya-1-konu\/#primaryimage"},"image":{"@id":"https:\/\/tarihkursu.com\/index.php\/2019\/05\/28\/ataturk-donemi-ic-politikadaki-gelismeler-4-unite-iki-savas-arasindaki-donemde-turkiye-ve-dunya-1-konu\/#primaryimage"},"thumbnailUrl":"https:\/\/blogger.googleusercontent.com\/img\/b\/R29vZ2xl\/AVvXsEhHGGYI_YWgP5KFkkoCogAMX3BtN6wh9jeeLQzaNfp3lDMyJIkk4Oa-yGU39Id-iTxcvrt_scnMO8Wjpbt2DR_GU-5ZAKP6HePcD3PBGoLkd32jWINi9xPHCj26a_QhDpQu3nJGFJDF3kCy\/s320\/ink%25C4%25B1lap+ders+notu.jpg","datePublished":"2019-05-28T06:29:00+00:00","breadcrumb":{"@id":"https:\/\/tarihkursu.com\/index.php\/2019\/05\/28\/ataturk-donemi-ic-politikadaki-gelismeler-4-unite-iki-savas-arasindaki-donemde-turkiye-ve-dunya-1-konu\/#breadcrumb"},"inLanguage":"tr","potentialAction":[{"@type":"ReadAction","target":["https:\/\/tarihkursu.com\/index.php\/2019\/05\/28\/ataturk-donemi-ic-politikadaki-gelismeler-4-unite-iki-savas-arasindaki-donemde-turkiye-ve-dunya-1-konu\/"]}]},{"@type":"ImageObject","inLanguage":"tr","@id":"https:\/\/tarihkursu.com\/index.php\/2019\/05\/28\/ataturk-donemi-ic-politikadaki-gelismeler-4-unite-iki-savas-arasindaki-donemde-turkiye-ve-dunya-1-konu\/#primaryimage","url":"https:\/\/blogger.googleusercontent.com\/img\/b\/R29vZ2xl\/AVvXsEhHGGYI_YWgP5KFkkoCogAMX3BtN6wh9jeeLQzaNfp3lDMyJIkk4Oa-yGU39Id-iTxcvrt_scnMO8Wjpbt2DR_GU-5ZAKP6HePcD3PBGoLkd32jWINi9xPHCj26a_QhDpQu3nJGFJDF3kCy\/s320\/ink%25C4%25B1lap+ders+notu.jpg","contentUrl":"https:\/\/blogger.googleusercontent.com\/img\/b\/R29vZ2xl\/AVvXsEhHGGYI_YWgP5KFkkoCogAMX3BtN6wh9jeeLQzaNfp3lDMyJIkk4Oa-yGU39Id-iTxcvrt_scnMO8Wjpbt2DR_GU-5ZAKP6HePcD3PBGoLkd32jWINi9xPHCj26a_QhDpQu3nJGFJDF3kCy\/s320\/ink%25C4%25B1lap+ders+notu.jpg"},{"@type":"BreadcrumbList","@id":"https:\/\/tarihkursu.com\/index.php\/2019\/05\/28\/ataturk-donemi-ic-politikadaki-gelismeler-4-unite-iki-savas-arasindaki-donemde-turkiye-ve-dunya-1-konu\/#breadcrumb","itemListElement":[{"@type":"ListItem","position":1,"name":"Anasayfa","item":"https:\/\/tarihkursu.com\/"},{"@type":"ListItem","position":2,"name":"ATAT\u00dcRK D\u00d6NEM\u0130 \u0130\u00c7 POL\u0130T\u0130KADAK\u0130 GEL\u0130\u015eMELER, 4. \u00dcN\u0130TE \u0130K\u0130 SAVA\u015e ARASINDAK\u0130 D\u00d6NEMDE T\u00dcRK\u0130YE VE D\u00dcNYA 1. KONU"}]},{"@type":"WebSite","@id":"https:\/\/tarihkursu.com\/#website","url":"https:\/\/tarihkursu.com\/","name":"Tarih Kursu","description":"\u0130\u015fimiz G\u00fcc\u00fcm\u00fcz Tarih","publisher":{"@id":"https:\/\/tarihkursu.com\/#\/schema\/person\/4d7bdc3b79e9f5198455474c0f203f3c"},"potentialAction":[{"@type":"SearchAction","target":{"@type":"EntryPoint","urlTemplate":"https:\/\/tarihkursu.com\/?s={search_term_string}"},"query-input":{"@type":"PropertyValueSpecification","valueRequired":true,"valueName":"search_term_string"}}],"inLanguage":"tr"},{"@type":["Person","Organization"],"@id":"https:\/\/tarihkursu.com\/#\/schema\/person\/4d7bdc3b79e9f5198455474c0f203f3c","name":"admin","image":{"@type":"ImageObject","inLanguage":"tr","@id":"https:\/\/tarihkursu.com\/wp-content\/uploads\/2024\/10\/TARIHKURSU-Kopyasi.png","url":"https:\/\/tarihkursu.com\/wp-content\/uploads\/2024\/10\/TARIHKURSU-Kopyasi.png","contentUrl":"https:\/\/tarihkursu.com\/wp-content\/uploads\/2024\/10\/TARIHKURSU-Kopyasi.png","width":1080,"height":1080,"caption":"admin"},"logo":{"@id":"https:\/\/tarihkursu.com\/wp-content\/uploads\/2024\/10\/TARIHKURSU-Kopyasi.png"},"sameAs":["https:\/\/tarihkursu.com"]},{"@type":"Person","@id":"https:\/\/tarihkursu.com\/#\/schema\/person\/d0f9105e31352dbe9f08d098ffb8c878","name":"tarihkursu","image":{"@type":"ImageObject","inLanguage":"tr","@id":"https:\/\/secure.gravatar.com\/avatar\/1354763acbc865faa7650c3e1e4431f187276d71f132349411302a546cdeae54?s=96&d=mm&r=g","url":"https:\/\/secure.gravatar.com\/avatar\/1354763acbc865faa7650c3e1e4431f187276d71f132349411302a546cdeae54?s=96&d=mm&r=g","contentUrl":"https:\/\/secure.gravatar.com\/avatar\/1354763acbc865faa7650c3e1e4431f187276d71f132349411302a546cdeae54?s=96&d=mm&r=g","caption":"tarihkursu"},"url":"https:\/\/tarihkursu.com\/index.php\/author\/tarihkursu\/"}]}},"_links":{"self":[{"href":"https:\/\/tarihkursu.com\/index.php\/wp-json\/wp\/v2\/posts\/607","targetHints":{"allow":["GET"]}}],"collection":[{"href":"https:\/\/tarihkursu.com\/index.php\/wp-json\/wp\/v2\/posts"}],"about":[{"href":"https:\/\/tarihkursu.com\/index.php\/wp-json\/wp\/v2\/types\/post"}],"author":[{"embeddable":true,"href":"https:\/\/tarihkursu.com\/index.php\/wp-json\/wp\/v2\/users\/2"}],"replies":[{"embeddable":true,"href":"https:\/\/tarihkursu.com\/index.php\/wp-json\/wp\/v2\/comments?post=607"}],"version-history":[{"count":0,"href":"https:\/\/tarihkursu.com\/index.php\/wp-json\/wp\/v2\/posts\/607\/revisions"}],"wp:attachment":[{"href":"https:\/\/tarihkursu.com\/index.php\/wp-json\/wp\/v2\/media?parent=607"}],"wp:term":[{"taxonomy":"category","embeddable":true,"href":"https:\/\/tarihkursu.com\/index.php\/wp-json\/wp\/v2\/categories?post=607"},{"taxonomy":"post_tag","embeddable":true,"href":"https:\/\/tarihkursu.com\/index.php\/wp-json\/wp\/v2\/tags?post=607"}],"curies":[{"name":"wp","href":"https:\/\/api.w.org\/{rel}","templated":true}]}}