{"id":631,"date":"2019-04-28T15:04:00","date_gmt":"2019-04-28T12:04:00","guid":{"rendered":"https:\/\/tarihkursu.com\/index.php\/2019\/04\/28\/osmanli-devletinde-gunluk-yasam-tarih-10-7-unite-klasik-cagda-osmanli-toplum-duzeni-2-konu\/"},"modified":"2019-04-28T15:04:00","modified_gmt":"2019-04-28T12:04:00","slug":"osmanli-devletinde-gunluk-yasam-tarih-10-7-unite-klasik-cagda-osmanli-toplum-duzeni-2-konu","status":"publish","type":"post","link":"https:\/\/tarihkursu.com\/index.php\/2019\/04\/28\/osmanli-devletinde-gunluk-yasam-tarih-10-7-unite-klasik-cagda-osmanli-toplum-duzeni-2-konu\/","title":{"rendered":"OSMANLI DEVLET\u0130NDE G\u00dcNL\u00dcK YA\u015eAM, TAR\u0130H 10  7. \u00dcN\u0130TE KLAS\u0130K \u00c7A\u011eDA OSMANLI TOPLUM D\u00dcZEN\u0130 2. KONU"},"content":{"rendered":"<div style=\"clear: both; text-align: center;\">\n<a href=\"https:\/\/blogger.googleusercontent.com\/img\/b\/R29vZ2xl\/AVvXsEgirZh5Ewzacy5axEJQ9KKyOErbXWGsS9jzrWc89zHDG0t-J9ex6eY8IrQpgrzjWK2Ls8Lzt06UBH3uEbaCYM2DP4lt6IsoCPEoryVh-WS97KvlX-B2P2rdNER5jCMQQh4u7s3Dab-bcED3\/s1600\/Yeni+Bit+E%25C5%259Flem+Resmi+%25282%2529.bmp\" style=\"clear: left; float: left; margin-bottom: 1em; margin-right: 1em;\"><span style=\"font-size: large;\"><img loading=\"lazy\" decoding=\"async\" border=\"0\" data-original-height=\"473\" data-original-width=\"901\" height=\"167\" src=\"https:\/\/blogger.googleusercontent.com\/img\/b\/R29vZ2xl\/AVvXsEgirZh5Ewzacy5axEJQ9KKyOErbXWGsS9jzrWc89zHDG0t-J9ex6eY8IrQpgrzjWK2Ls8Lzt06UBH3uEbaCYM2DP4lt6IsoCPEoryVh-WS97KvlX-B2P2rdNER5jCMQQh4u7s3Dab-bcED3\/s320\/Yeni+Bit+E%25C5%259Flem+Resmi+%25282%2529.bmp\" width=\"320\" \/><\/span><\/a><\/div>\n<p><span style=\"font-size: large;\"><span style=\"background-color: white; color: #444444; font-family: &quot;Times New Roman&quot;, Times, FreeSerif, serif;\"><b>Tarih ders notlar\u0131, yks tarih ders notlar\u0131, ayt tarih ders notlar\u0131, tyt tarih ders notlar\u0131, tarih \u00f6zet, tarih 9 ders notlar\u0131, tarih 10 ders notlar\u0131, tarih 11 ders notlar\u0131, ink\u0131lap tarihi ders notlar\u0131, \u00e7a\u011fda\u015f T\u00fcrk ve d\u00fcnya&nbsp;<\/b><b>tarihi ders notlar\u0131, g\u00fcncel tarih ders notlar\u0131, \u00f6zet konu anlat\u0131m, k\u0131sa tarih, yeni kitaba g\u00f6re haz\u0131rlanm\u0131\u015f ders notlar\u0131, yeni m\u00fcfredat tarih , tarih pdf<\/b><\/span><br style=\"background-color: white; color: #444444; font-family: &quot;Times New Roman&quot;, Times, FreeSerif, serif;\" \/><span style=\"background-color: white; color: #444444; font-family: &quot;Times New Roman&quot;, Times, FreeSerif, serif;\"><b><br \/><\/b><span style=\"font-family: &quot;times new roman&quot;, times, freeserif, serif;\"><\/span><b>\u0130\u00c7\u0130NDEK\u0130LER<\/b><\/span><\/span><br \/>\n<span style=\"background-color: white;\"><span style=\"color: #444444; font-family: Times New Roman, Times, FreeSerif, serif; font-size: large;\"><b>OSMANLI DEVLET\u0130NDE G\u00dcNL\u00dcK YA\u015eAM<\/b><\/span><\/span><br \/>\n<span style=\"color: #444444; font-family: Times New Roman, Times, FreeSerif, serif; font-size: large;\"><b>FETHED\u0130LEN B\u00d6LGELERDE TOPLUMSAL VE K\u00dcLT\u00dcREL DE\u011e\u0130\u015e\u0130MLER<\/b><\/span><br \/>\n<span style=\"color: #444444; font-family: Times New Roman, Times, FreeSerif, serif; font-size: large;\"><b><span style=\"background-color: white;\"><\/span><\/b><\/span><br \/>\n<span style=\"color: #444444; font-family: Times New Roman, Times, FreeSerif, serif; font-size: large;\"><b><br \/>\n<ins\n     style=\"display:block; text-align:center;\"\n     data-ad-layout=\"in-article\"\n     data-ad-format=\"fluid\"\n     data-ad-client=\"ca-pub-8292832365502904\"\n     data-ad-slot=\"9291998791\"><\/ins><br \/>\n\u015eEH\u0130R VE MAHALLELERDE \u00c7OK K\u00dcLT\u00dcRL\u00dc SOSYAL HAYAT<\/b><\/span><br \/>\n<a name='more'><\/a><\/p>\n<div>\n<span style=\"font-size: large;\">FETHED\u0130LEN B\u00d6LGELERDE TOPLUMSAL VE K\u00dcLT\u00dcREL DE\u011e\u0130\u015e\u0130MLER<\/span><\/div>\n<div>\n<span style=\"font-size: large;\"><br \/><\/span><\/div>\n<div>\n<div>\n<span style=\"font-size: large;\">Osmanl\u0131lar, fethedilen ve n\u00fcfus\u00e7a az olduklar\u0131&nbsp;<\/span><\/div>\n<div>\n<span style=\"font-size: large;\">b\u00f6lgelere y\u00f6nelik isk\u00e2n politikas\u0131 uygulad\u0131lar.&nbsp;<\/span><\/div>\n<div>\n<span style=\"font-size: large;\">\u00d6zellikle Balkanlara, Anadolu\u2019dan y\u00f6r\u00fck ve T\u00fcrkmenleri getirip yerle\u015ftirdiler.&nbsp;<\/span><\/div>\n<div>\n<span style=\"font-size: large;\">Yap\u0131lan g\u00f6\u00e7ler sonucunda Balkanlarda T\u00fcrk n\u00fcfusu artt\u0131 ve T\u00fcrk \u0130slam k\u00fclt\u00fcr\u00fc yay\u0131ld\u0131.&nbsp;<\/span><\/div>\n<div>\n<span style=\"font-size: large;\">Osmanl\u0131 h\u00e2kimiyeti ile birlikte b\u00f6lgede g\u00fcvenlik sa\u011fland\u0131, yerli halktan angarya kalkt\u0131, a\u011f\u0131r vergiler azalt\u0131ld\u0131.&nbsp;<\/span><\/div>\n<div>\n<span style=\"font-size: large;\">Bu sayede Balkanlarda, Arnavut, Bosna, Hersek, Kosova gibi b\u00f6lgelerde gayrim\u00fcslim k\u00f6yl\u00fcler aras\u0131nda \u0130slamla\u015fma hareketi h\u0131zla artt\u0131.<\/span><\/div>\n<div>\n<span style=\"font-size: large;\">Osmanl\u0131 ald\u0131\u011f\u0131 yerlere ba\u015flang\u0131\u00e7ta, bir cami ve onun etraf\u0131nda k\u00fcmelenen k\u00fclt\u00fcrel, sosyal ve iktisadi kurulu\u015flar\u0131n olu\u015fturdu\u011fu k\u00fclliyeler kuruldu.&nbsp;<\/span><\/div>\n<\/div>\n<div>\n<span style=\"font-size: large;\"><br \/><\/span><\/div>\n<div>\n<span style=\"font-size: large;\">\u015eEH\u0130R VE MAHALLELERDE \u00c7OK K\u00dcLT\u00dcRL\u00dc SOSYAL HAYAT<\/span><\/div>\n<div>\n<div>\n<span style=\"font-size: large;\">Osmanl\u0131 \u015fehirlerinde gayrim\u00fcslimler bazen bir mahallede&nbsp;<\/span><\/div>\n<div>\n<span style=\"font-size: large;\">toplanm\u0131\u015f bazen de M\u00fcsl\u00fcman mahallelere da\u011f\u0131lm\u0131\u015ft\u0131.&nbsp;<\/span><\/div>\n<div>\n<span style=\"font-size: large;\">Ayn\u0131 mahallede cami, kilise ve havrada insanlar din\u00ee vecibelerini rahat\u00e7a yerine getirirlerdi.<\/span><\/div>\n<div>\n<span style=\"font-size: large;\">Osmanl\u0131 Devleti\u2019nde, ba\u015fta ba\u015fkent \u0130stanbul olmak \u00fczere di\u011fer \u015fehirler (Bursa, Edirne, Sel\u00e2nik vs.) genelde kalabal\u0131k bir n\u00fcfusa sahipti.&nbsp;<\/span><\/div>\n<div>\n<span style=\"font-size: large;\">\u015eehirlerde insanlar genel olarak ticaret, esnafl\u0131k ve zanaatla u\u011fra\u015f\u0131rd\u0131.<\/span><\/div>\n<div>\n<span style=\"font-size: large;\">Osmanl\u0131 Devleti\u2019nde, erkek k\u0131yafetleri genelde \u00e7ak\u015f\u0131r (\u015falvar), g\u00f6mlek, entari, dolama, kaftan, k\u00fcrk ve ba\u015fl\u0131ktan olu\u015furdu.<\/span><\/div>\n<div>\n<span style=\"font-size: large;\">Kad\u0131nlar\u0131n giyim ve ku\u015famlar\u0131n\u0131n en \u00f6nemli \u00f6\u011feleri ise \u015falvar, b\u00fcr\u00fcnc\u00fck g\u00f6mlek, entari, dolama, h\u0131rka, kaftan, g\u00f6mlek, k\u00fcrk ve d\u0131\u015far\u0131da giydikleri ferace, pe\u00e7e ve ya\u015fmak idi.&nbsp;<\/span><\/div>\n<\/div>\n<div>\n<span style=\"font-size: large;\"><br \/><\/span><\/div>\n<div>\n<div>\n<span style=\"font-size: large;\">Osmanl\u0131 toplumunda M\u00fcsl\u00fcmanlar genelde sar\u0131, ulema&nbsp;&nbsp;<\/span><\/div>\n<div>\n<span style=\"font-size: large;\">mavi ayakkab\u0131 giyerken, askerlerin baz\u0131lar\u0131 ise k\u0131rm\u0131z\u0131 renk \u00e7izme giyerlerdi.&nbsp;<\/span><\/div>\n<div>\n<span style=\"font-size: large;\">Bunun yan\u0131nda erkekler; sosyal, ekonomik, k\u00fclt\u00fcrel, mesleki ve din\u00ee stat\u00fclerine g\u00f6re \u201ckavuk\u201d denilen ba\u015fl\u0131klar giyerlerdi. Kavuklar\u0131n en bilinenleri horasan\u00ee, selim\u00ee, kalafat, \u00f6rf\u00ee, kafes\u00ee, m\u00fccevveze, k\u00e2tib\u00ee ve kallavi idi.&nbsp;<\/span><\/div>\n<div>\n<span style=\"font-size: large;\">Kad\u0131nlar ise serpu\u015f denilen k\u00fclaha benzer ba\u015fl\u0131klar giyerlerdi.<\/span><\/div>\n<div>\n<span style=\"font-size: large;\">Ramazan ay\u0131nda, varl\u0131kl\u0131 zengin kimseler farkl\u0131 yerlerdeki esnaf d\u00fckk\u00e2nlar\u0131na girer ve zimem (bor\u00e7) defterini isterlerdi.&nbsp;<\/span><\/div>\n<div>\n<span style=\"font-size: large;\"><br \/><\/span><\/div>\n<div>\n<span style=\"font-size: large;\">Defterin ba\u015ftan, sondan ve ortadan rastgele sayfalar\u0131n\u0131 a\u00e7ar ve \u201cSilin bor\u00e7lar\u0131n\u0131, Allah kabul etsin.\u201d der ve bor\u00e7lar\u0131 \u00f6deyip giderdi.<\/span><\/div>\n<div>\n<div>\n<span style=\"font-size: large;\">Osmanl\u0131 Devleti\u2019nde, erkekler genelde bozahane&nbsp;<\/span><\/div>\n<div>\n<span style=\"font-size: large;\">ve k\u0131raathane\/kahvehanelerde vakit ge\u00e7irirlerdi.&nbsp;<\/span><\/div>\n<div>\n<span style=\"font-size: large;\">Bir halk i\u00e7ece\u011fi olan boza m\u0131s\u0131rdan \u00fcretilirdi.&nbsp;<\/span><\/div>\n<div>\n<span style=\"font-size: large;\">K\u0131raathane, kahvehaneden daha sonra ortaya \u00e7\u0131kan bir kavramd\u0131r ve isminin k\u0131raathane olmas\u0131 bu mek\u00e2nlar\u0131n \u201cokuma salonu\u201d olarak kullan\u0131lmas\u0131yla ba\u011flant\u0131l\u0131d\u0131r.<\/span><\/div>\n<div>\n<span style=\"font-size: large;\">Kahvehaneler, toplumsal payla\u015f\u0131m\u0131n ger\u00e7ekle\u015fti\u011fi<span style=\"white-space: pre;\"> <\/span>ve ge\u00e7mi\u015fin y\u00e2d edildi\u011fi k\u00fclt\u00fcrel mek\u00e2nlar olarak Osmanl\u0131 toplum ya\u015fam\u0131nda \u00f6nemli bir yere sahipti.&nbsp;<\/span><\/div>\n<div>\n<span style=\"font-size: large;\">Nitekim e\u011fitim, ticaret ve sanat \u00fczerine fikir al\u0131\u015fveri\u015finin yap\u0131ld\u0131\u011f\u0131, meddahlar\u0131n konu\u015fma, saz \u015fairlerinin saz \u00e7alma ve s\u00f6yleme yerleri kahvehaneler idi.&nbsp;<\/span><\/div>\n<div>\n<span style=\"font-size: large;\"><br \/><\/span><\/div>\n<div>\n<span style=\"font-size: large;\"><br \/><\/span><\/div>\n<\/div>\n<\/div>\n<div>\n<span style=\"font-size: large;\"><br \/><\/span><\/div>\n<div>\n<div style=\"background-color: white; color: #444444; font-family: &quot;Times New Roman&quot;, Times, FreeSerif, serif;\">\n<b style=\"font-family: &quot;times new roman&quot;, times, freeserif, serif;\"><span style=\"font-size: large;\">Not: \u00dcnitenin devam\u0131na<span style=\"color: red;\">&nbsp;<a href=\"http:\/\/www.tarihkursu.com\/search\/label\/Ders%20Notlar%C4%B1\" style=\"color: #4d469c; text-decoration-line: none;\" target=\"_blank\" rel=\"noopener\">www.tarihkursu.com \/ders notlar\u0131<\/a><\/span>&nbsp;b\u00f6l\u00fcm\u00fcnden ula\u015fabilirsiniz.<\/span><\/b><\/div>\n<div style=\"background-color: white; color: #444444; font-family: &quot;Times New Roman&quot;, Times, FreeSerif, serif;\">\n<span style=\"font-size: large;\"><br \/><\/span><\/div>\n<div style=\"background-color: white; color: #444444; font-family: &quot;Times New Roman&quot;, Times, FreeSerif, serif;\">\n<div style=\"line-height: 32px;\">\n<span style=\"color: red; font-family: &quot;times new roman&quot;, serif; line-height: 32px;\"><span style=\"font-size: large;\">Daha fazlas\u0131 i\u00e7in bizi takip edin<o:p><\/o:p><\/span><\/span><\/div>\n<div style=\"line-height: 32px;\">\n<span style=\"font-size: large;\"><span style=\"font-family: &quot;times new roman&quot;, serif; line-height: 48px;\"><a href=\"http:\/\/www.tarihkursu.com\/\" style=\"color: #4d469c; text-decoration-line: none;\">http:\/\/www.tarihkursu.com\/<\/a><\/span><span style=\"color: red; font-family: &quot;times new roman&quot;, serif; line-height: 48px;\"><o:p><\/o:p><\/span><\/span><\/div>\n<div style=\"line-height: 32px;\">\n<span style=\"font-family: &quot;times new roman&quot;, serif; line-height: 32px;\"><a href=\"https:\/\/www.facebook.com\/tarihkursu\/\" style=\"color: #3778cd; text-decoration-line: none;\"><span style=\"font-size: large;\">Facebook sayfam\u0131z\u0131 be\u011fenmek i\u00e7in t\u0131klay\u0131n<\/span><\/a><\/span><\/div>\n<p><span style=\"font-family: &quot;times new roman&quot;, times, freeserif, serif;\"><span style=\"font-size: large;\"><br \/><span style=\"font-family: &quot;times new roman&quot;, serif; line-height: 17.12px;\"><a href=\"https:\/\/www.youtube.com\/channel\/UCcXZauyDbkHjddTYFBn4BCw\" style=\"color: #4d469c; text-decoration-line: none;\">Yotube kanal\u0131m\u0131za abone olmak i\u00e7in t\u0131klay\u0131n<\/a><\/span><\/p>\n<p><a href=\"https:\/\/www.instagram.com\/tarihkursu\/?hl=tr\" style=\"color: #4d469c; text-decoration-line: none;\" target=\"_blank\" rel=\"noopener\">\u0130nstagram sayfam\u0131z\u0131 takip etmen i\u00e7in t\u0131kla<\/a><\/span><\/span><\/div>\n<\/div>\n<div>\n<span style=\"font-size: large;\"><br \/><\/span><\/div>\n<div>\n<\/div>\n","protected":false},"excerpt":{"rendered":"<div class=\"mh-excerpt\"><p>Tarih ders notlar\u0131, yks tarih ders notlar\u0131, ayt tarih ders notlar\u0131, tyt tarih ders notlar\u0131, tarih \u00f6zet, tarih 9 ders notlar\u0131, tarih 10 ders notlar\u0131, <a class=\"mh-excerpt-more\" href=\"https:\/\/tarihkursu.com\/index.php\/2019\/04\/28\/osmanli-devletinde-gunluk-yasam-tarih-10-7-unite-klasik-cagda-osmanli-toplum-duzeni-2-konu\/\" title=\"OSMANLI DEVLET\u0130NDE G\u00dcNL\u00dcK YA\u015eAM, TAR\u0130H 10  7. \u00dcN\u0130TE KLAS\u0130K \u00c7A\u011eDA OSMANLI TOPLUM D\u00dcZEN\u0130 2. KONU\">[&#8230;]<\/a><\/p>\n<\/div>","protected":false},"author":2,"featured_media":0,"comment_status":"open","ping_status":"open","sticky":false,"template":"","format":"standard","meta":{"_regular_price":[],"currency_symbol":[],"footnotes":""},"categories":[58],"tags":[],"class_list":["post-631","post","type-post","status-publish","format-standard","hentry","category-ders-notlari"],"post_slider_layout_featured_media_urls":{"thumbnail":"","post_slider_layout_landscape_large":"","post_slider_layout_portrait_large":"","post_slider_layout_square_large":"","post_slider_layout_landscape":"","post_slider_layout_portrait":"","post_slider_layout_square":"","full":""},"yoast_head":"<!-- This site is optimized with the Yoast SEO plugin v28.4 - https:\/\/yoast.com\/product\/yoast-seo-wordpress\/ -->\n<title>OSMANLI DEVLET\u0130NDE G\u00dcNL\u00dcK YA\u015eAM, TAR\u0130H 10 7. \u00dcN\u0130TE KLAS\u0130K \u00c7A\u011eDA OSMANLI TOPLUM D\u00dcZEN\u0130 2. KONU - tarihkursu.com<\/title>\n<meta name=\"robots\" content=\"index, follow, max-snippet:-1, max-image-preview:large, max-video-preview:-1\" \/>\n<link rel=\"canonical\" href=\"https:\/\/tarihkursu.com\/index.php\/2019\/04\/28\/osmanli-devletinde-gunluk-yasam-tarih-10-7-unite-klasik-cagda-osmanli-toplum-duzeni-2-konu\/\" \/>\n<meta property=\"og:locale\" content=\"tr_TR\" \/>\n<meta property=\"og:type\" content=\"article\" \/>\n<meta property=\"og:title\" content=\"OSMANLI DEVLET\u0130NDE G\u00dcNL\u00dcK YA\u015eAM, TAR\u0130H 10 7. \u00dcN\u0130TE KLAS\u0130K \u00c7A\u011eDA OSMANLI TOPLUM D\u00dcZEN\u0130 2. KONU - tarihkursu.com\" \/>\n<meta property=\"og:description\" content=\"Tarih ders notlar\u0131, yks tarih ders notlar\u0131, ayt tarih ders notlar\u0131, tyt tarih ders notlar\u0131, tarih \u00f6zet, tarih 9 ders notlar\u0131, tarih 10 ders notlar\u0131, [...]\" \/>\n<meta property=\"og:url\" content=\"https:\/\/tarihkursu.com\/index.php\/2019\/04\/28\/osmanli-devletinde-gunluk-yasam-tarih-10-7-unite-klasik-cagda-osmanli-toplum-duzeni-2-konu\/\" \/>\n<meta property=\"og:site_name\" content=\"tarihkursu.com\" \/>\n<meta property=\"article:published_time\" content=\"2019-04-28T12:04:00+00:00\" \/>\n<meta property=\"og:image\" content=\"https:\/\/blogger.googleusercontent.com\/img\/b\/R29vZ2xl\/AVvXsEgirZh5Ewzacy5axEJQ9KKyOErbXWGsS9jzrWc89zHDG0t-J9ex6eY8IrQpgrzjWK2Ls8Lzt06UBH3uEbaCYM2DP4lt6IsoCPEoryVh-WS97KvlX-B2P2rdNER5jCMQQh4u7s3Dab-bcED3\/s320\/Yeni+Bit+E%25C5%259Flem+Resmi+%25282%2529.bmp\" \/>\n<meta name=\"author\" content=\"tarihkursu\" \/>\n<meta name=\"twitter:card\" content=\"summary_large_image\" \/>\n<meta name=\"twitter:label1\" content=\"Yazan:\" \/>\n\t<meta name=\"twitter:data1\" content=\"tarihkursu\" \/>\n\t<meta name=\"twitter:label2\" content=\"Tahmini okuma s\u00fcresi\" \/>\n\t<meta name=\"twitter:data2\" content=\"3 dakika\" \/>\n<script type=\"application\/ld+json\" class=\"yoast-schema-graph\">{\"@context\":\"https:\\\/\\\/schema.org\",\"@graph\":[{\"@type\":\"Article\",\"@id\":\"https:\\\/\\\/tarihkursu.com\\\/index.php\\\/2019\\\/04\\\/28\\\/osmanli-devletinde-gunluk-yasam-tarih-10-7-unite-klasik-cagda-osmanli-toplum-duzeni-2-konu\\\/#article\",\"isPartOf\":{\"@id\":\"https:\\\/\\\/tarihkursu.com\\\/index.php\\\/2019\\\/04\\\/28\\\/osmanli-devletinde-gunluk-yasam-tarih-10-7-unite-klasik-cagda-osmanli-toplum-duzeni-2-konu\\\/\"},\"author\":{\"name\":\"tarihkursu\",\"@id\":\"https:\\\/\\\/tarihkursu.com\\\/#\\\/schema\\\/person\\\/d0f9105e31352dbe9f08d098ffb8c878\"},\"headline\":\"OSMANLI DEVLET\u0130NDE G\u00dcNL\u00dcK YA\u015eAM, TAR\u0130H 10 7. \u00dcN\u0130TE KLAS\u0130K \u00c7A\u011eDA OSMANLI TOPLUM D\u00dcZEN\u0130 2. KONU\",\"datePublished\":\"2019-04-28T12:04:00+00:00\",\"mainEntityOfPage\":{\"@id\":\"https:\\\/\\\/tarihkursu.com\\\/index.php\\\/2019\\\/04\\\/28\\\/osmanli-devletinde-gunluk-yasam-tarih-10-7-unite-klasik-cagda-osmanli-toplum-duzeni-2-konu\\\/\"},\"wordCount\":702,\"commentCount\":0,\"publisher\":{\"@id\":\"https:\\\/\\\/tarihkursu.com\\\/#\\\/schema\\\/person\\\/4d7bdc3b79e9f5198455474c0f203f3c\"},\"image\":{\"@id\":\"https:\\\/\\\/tarihkursu.com\\\/index.php\\\/2019\\\/04\\\/28\\\/osmanli-devletinde-gunluk-yasam-tarih-10-7-unite-klasik-cagda-osmanli-toplum-duzeni-2-konu\\\/#primaryimage\"},\"thumbnailUrl\":\"https:\\\/\\\/blogger.googleusercontent.com\\\/img\\\/b\\\/R29vZ2xl\\\/AVvXsEgirZh5Ewzacy5axEJQ9KKyOErbXWGsS9jzrWc89zHDG0t-J9ex6eY8IrQpgrzjWK2Ls8Lzt06UBH3uEbaCYM2DP4lt6IsoCPEoryVh-WS97KvlX-B2P2rdNER5jCMQQh4u7s3Dab-bcED3\\\/s320\\\/Yeni+Bit+E%25C5%259Flem+Resmi+%25282%2529.bmp\",\"articleSection\":[\"Ders Notlar\u0131\"],\"inLanguage\":\"tr\",\"potentialAction\":[{\"@type\":\"CommentAction\",\"name\":\"Comment\",\"target\":[\"https:\\\/\\\/tarihkursu.com\\\/index.php\\\/2019\\\/04\\\/28\\\/osmanli-devletinde-gunluk-yasam-tarih-10-7-unite-klasik-cagda-osmanli-toplum-duzeni-2-konu\\\/#respond\"]}]},{\"@type\":\"WebPage\",\"@id\":\"https:\\\/\\\/tarihkursu.com\\\/index.php\\\/2019\\\/04\\\/28\\\/osmanli-devletinde-gunluk-yasam-tarih-10-7-unite-klasik-cagda-osmanli-toplum-duzeni-2-konu\\\/\",\"url\":\"https:\\\/\\\/tarihkursu.com\\\/index.php\\\/2019\\\/04\\\/28\\\/osmanli-devletinde-gunluk-yasam-tarih-10-7-unite-klasik-cagda-osmanli-toplum-duzeni-2-konu\\\/\",\"name\":\"OSMANLI DEVLET\u0130NDE G\u00dcNL\u00dcK YA\u015eAM, TAR\u0130H 10 7. \u00dcN\u0130TE KLAS\u0130K \u00c7A\u011eDA OSMANLI TOPLUM D\u00dcZEN\u0130 2. KONU - tarihkursu.com\",\"isPartOf\":{\"@id\":\"https:\\\/\\\/tarihkursu.com\\\/#website\"},\"primaryImageOfPage\":{\"@id\":\"https:\\\/\\\/tarihkursu.com\\\/index.php\\\/2019\\\/04\\\/28\\\/osmanli-devletinde-gunluk-yasam-tarih-10-7-unite-klasik-cagda-osmanli-toplum-duzeni-2-konu\\\/#primaryimage\"},\"image\":{\"@id\":\"https:\\\/\\\/tarihkursu.com\\\/index.php\\\/2019\\\/04\\\/28\\\/osmanli-devletinde-gunluk-yasam-tarih-10-7-unite-klasik-cagda-osmanli-toplum-duzeni-2-konu\\\/#primaryimage\"},\"thumbnailUrl\":\"https:\\\/\\\/blogger.googleusercontent.com\\\/img\\\/b\\\/R29vZ2xl\\\/AVvXsEgirZh5Ewzacy5axEJQ9KKyOErbXWGsS9jzrWc89zHDG0t-J9ex6eY8IrQpgrzjWK2Ls8Lzt06UBH3uEbaCYM2DP4lt6IsoCPEoryVh-WS97KvlX-B2P2rdNER5jCMQQh4u7s3Dab-bcED3\\\/s320\\\/Yeni+Bit+E%25C5%259Flem+Resmi+%25282%2529.bmp\",\"datePublished\":\"2019-04-28T12:04:00+00:00\",\"breadcrumb\":{\"@id\":\"https:\\\/\\\/tarihkursu.com\\\/index.php\\\/2019\\\/04\\\/28\\\/osmanli-devletinde-gunluk-yasam-tarih-10-7-unite-klasik-cagda-osmanli-toplum-duzeni-2-konu\\\/#breadcrumb\"},\"inLanguage\":\"tr\",\"potentialAction\":[{\"@type\":\"ReadAction\",\"target\":[\"https:\\\/\\\/tarihkursu.com\\\/index.php\\\/2019\\\/04\\\/28\\\/osmanli-devletinde-gunluk-yasam-tarih-10-7-unite-klasik-cagda-osmanli-toplum-duzeni-2-konu\\\/\"]}]},{\"@type\":\"ImageObject\",\"inLanguage\":\"tr\",\"@id\":\"https:\\\/\\\/tarihkursu.com\\\/index.php\\\/2019\\\/04\\\/28\\\/osmanli-devletinde-gunluk-yasam-tarih-10-7-unite-klasik-cagda-osmanli-toplum-duzeni-2-konu\\\/#primaryimage\",\"url\":\"https:\\\/\\\/blogger.googleusercontent.com\\\/img\\\/b\\\/R29vZ2xl\\\/AVvXsEgirZh5Ewzacy5axEJQ9KKyOErbXWGsS9jzrWc89zHDG0t-J9ex6eY8IrQpgrzjWK2Ls8Lzt06UBH3uEbaCYM2DP4lt6IsoCPEoryVh-WS97KvlX-B2P2rdNER5jCMQQh4u7s3Dab-bcED3\\\/s320\\\/Yeni+Bit+E%25C5%259Flem+Resmi+%25282%2529.bmp\",\"contentUrl\":\"https:\\\/\\\/blogger.googleusercontent.com\\\/img\\\/b\\\/R29vZ2xl\\\/AVvXsEgirZh5Ewzacy5axEJQ9KKyOErbXWGsS9jzrWc89zHDG0t-J9ex6eY8IrQpgrzjWK2Ls8Lzt06UBH3uEbaCYM2DP4lt6IsoCPEoryVh-WS97KvlX-B2P2rdNER5jCMQQh4u7s3Dab-bcED3\\\/s320\\\/Yeni+Bit+E%25C5%259Flem+Resmi+%25282%2529.bmp\"},{\"@type\":\"BreadcrumbList\",\"@id\":\"https:\\\/\\\/tarihkursu.com\\\/index.php\\\/2019\\\/04\\\/28\\\/osmanli-devletinde-gunluk-yasam-tarih-10-7-unite-klasik-cagda-osmanli-toplum-duzeni-2-konu\\\/#breadcrumb\",\"itemListElement\":[{\"@type\":\"ListItem\",\"position\":1,\"name\":\"Anasayfa\",\"item\":\"https:\\\/\\\/tarihkursu.com\\\/\"},{\"@type\":\"ListItem\",\"position\":2,\"name\":\"OSMANLI DEVLET\u0130NDE G\u00dcNL\u00dcK YA\u015eAM, TAR\u0130H 10 7. \u00dcN\u0130TE KLAS\u0130K \u00c7A\u011eDA OSMANLI TOPLUM D\u00dcZEN\u0130 2. KONU\"}]},{\"@type\":\"WebSite\",\"@id\":\"https:\\\/\\\/tarihkursu.com\\\/#website\",\"url\":\"https:\\\/\\\/tarihkursu.com\\\/\",\"name\":\"Tarih Kursu\",\"description\":\"\u0130\u015fimiz G\u00fcc\u00fcm\u00fcz Tarih\",\"publisher\":{\"@id\":\"https:\\\/\\\/tarihkursu.com\\\/#\\\/schema\\\/person\\\/4d7bdc3b79e9f5198455474c0f203f3c\"},\"potentialAction\":[{\"@type\":\"SearchAction\",\"target\":{\"@type\":\"EntryPoint\",\"urlTemplate\":\"https:\\\/\\\/tarihkursu.com\\\/?s={search_term_string}\"},\"query-input\":{\"@type\":\"PropertyValueSpecification\",\"valueRequired\":true,\"valueName\":\"search_term_string\"}}],\"inLanguage\":\"tr\"},{\"@type\":[\"Person\",\"Organization\"],\"@id\":\"https:\\\/\\\/tarihkursu.com\\\/#\\\/schema\\\/person\\\/4d7bdc3b79e9f5198455474c0f203f3c\",\"name\":\"admin\",\"image\":{\"@type\":\"ImageObject\",\"inLanguage\":\"tr\",\"@id\":\"https:\\\/\\\/tarihkursu.com\\\/wp-content\\\/uploads\\\/2024\\\/10\\\/TARIHKURSU-Kopyasi.png\",\"url\":\"https:\\\/\\\/tarihkursu.com\\\/wp-content\\\/uploads\\\/2024\\\/10\\\/TARIHKURSU-Kopyasi.png\",\"contentUrl\":\"https:\\\/\\\/tarihkursu.com\\\/wp-content\\\/uploads\\\/2024\\\/10\\\/TARIHKURSU-Kopyasi.png\",\"width\":1080,\"height\":1080,\"caption\":\"admin\"},\"logo\":{\"@id\":\"https:\\\/\\\/tarihkursu.com\\\/wp-content\\\/uploads\\\/2024\\\/10\\\/TARIHKURSU-Kopyasi.png\"},\"sameAs\":[\"https:\\\/\\\/tarihkursu.com\"]},{\"@type\":\"Person\",\"@id\":\"https:\\\/\\\/tarihkursu.com\\\/#\\\/schema\\\/person\\\/d0f9105e31352dbe9f08d098ffb8c878\",\"name\":\"tarihkursu\",\"image\":{\"@type\":\"ImageObject\",\"inLanguage\":\"tr\",\"@id\":\"https:\\\/\\\/secure.gravatar.com\\\/avatar\\\/1354763acbc865faa7650c3e1e4431f187276d71f132349411302a546cdeae54?s=96&d=mm&r=g\",\"url\":\"https:\\\/\\\/secure.gravatar.com\\\/avatar\\\/1354763acbc865faa7650c3e1e4431f187276d71f132349411302a546cdeae54?s=96&d=mm&r=g\",\"contentUrl\":\"https:\\\/\\\/secure.gravatar.com\\\/avatar\\\/1354763acbc865faa7650c3e1e4431f187276d71f132349411302a546cdeae54?s=96&d=mm&r=g\",\"caption\":\"tarihkursu\"},\"url\":\"https:\\\/\\\/tarihkursu.com\\\/index.php\\\/author\\\/tarihkursu\\\/\"}]}<\/script>\n<!-- \/ Yoast SEO plugin. -->","yoast_head_json":{"title":"OSMANLI DEVLET\u0130NDE G\u00dcNL\u00dcK YA\u015eAM, TAR\u0130H 10 7. \u00dcN\u0130TE KLAS\u0130K \u00c7A\u011eDA OSMANLI TOPLUM D\u00dcZEN\u0130 2. KONU - tarihkursu.com","robots":{"index":"index","follow":"follow","max-snippet":"max-snippet:-1","max-image-preview":"max-image-preview:large","max-video-preview":"max-video-preview:-1"},"canonical":"https:\/\/tarihkursu.com\/index.php\/2019\/04\/28\/osmanli-devletinde-gunluk-yasam-tarih-10-7-unite-klasik-cagda-osmanli-toplum-duzeni-2-konu\/","og_locale":"tr_TR","og_type":"article","og_title":"OSMANLI DEVLET\u0130NDE G\u00dcNL\u00dcK YA\u015eAM, TAR\u0130H 10 7. \u00dcN\u0130TE KLAS\u0130K \u00c7A\u011eDA OSMANLI TOPLUM D\u00dcZEN\u0130 2. KONU - tarihkursu.com","og_description":"Tarih ders notlar\u0131, yks tarih ders notlar\u0131, ayt tarih ders notlar\u0131, tyt tarih ders notlar\u0131, tarih \u00f6zet, tarih 9 ders notlar\u0131, tarih 10 ders notlar\u0131, [...]","og_url":"https:\/\/tarihkursu.com\/index.php\/2019\/04\/28\/osmanli-devletinde-gunluk-yasam-tarih-10-7-unite-klasik-cagda-osmanli-toplum-duzeni-2-konu\/","og_site_name":"tarihkursu.com","article_published_time":"2019-04-28T12:04:00+00:00","og_image":[{"url":"https:\/\/blogger.googleusercontent.com\/img\/b\/R29vZ2xl\/AVvXsEgirZh5Ewzacy5axEJQ9KKyOErbXWGsS9jzrWc89zHDG0t-J9ex6eY8IrQpgrzjWK2Ls8Lzt06UBH3uEbaCYM2DP4lt6IsoCPEoryVh-WS97KvlX-B2P2rdNER5jCMQQh4u7s3Dab-bcED3\/s320\/Yeni+Bit+E%25C5%259Flem+Resmi+%25282%2529.bmp","type":"","width":"","height":""}],"author":"tarihkursu","twitter_card":"summary_large_image","twitter_misc":{"Yazan:":"tarihkursu","Tahmini okuma s\u00fcresi":"3 dakika"},"schema":{"@context":"https:\/\/schema.org","@graph":[{"@type":"Article","@id":"https:\/\/tarihkursu.com\/index.php\/2019\/04\/28\/osmanli-devletinde-gunluk-yasam-tarih-10-7-unite-klasik-cagda-osmanli-toplum-duzeni-2-konu\/#article","isPartOf":{"@id":"https:\/\/tarihkursu.com\/index.php\/2019\/04\/28\/osmanli-devletinde-gunluk-yasam-tarih-10-7-unite-klasik-cagda-osmanli-toplum-duzeni-2-konu\/"},"author":{"name":"tarihkursu","@id":"https:\/\/tarihkursu.com\/#\/schema\/person\/d0f9105e31352dbe9f08d098ffb8c878"},"headline":"OSMANLI DEVLET\u0130NDE G\u00dcNL\u00dcK YA\u015eAM, TAR\u0130H 10 7. \u00dcN\u0130TE KLAS\u0130K \u00c7A\u011eDA OSMANLI TOPLUM D\u00dcZEN\u0130 2. KONU","datePublished":"2019-04-28T12:04:00+00:00","mainEntityOfPage":{"@id":"https:\/\/tarihkursu.com\/index.php\/2019\/04\/28\/osmanli-devletinde-gunluk-yasam-tarih-10-7-unite-klasik-cagda-osmanli-toplum-duzeni-2-konu\/"},"wordCount":702,"commentCount":0,"publisher":{"@id":"https:\/\/tarihkursu.com\/#\/schema\/person\/4d7bdc3b79e9f5198455474c0f203f3c"},"image":{"@id":"https:\/\/tarihkursu.com\/index.php\/2019\/04\/28\/osmanli-devletinde-gunluk-yasam-tarih-10-7-unite-klasik-cagda-osmanli-toplum-duzeni-2-konu\/#primaryimage"},"thumbnailUrl":"https:\/\/blogger.googleusercontent.com\/img\/b\/R29vZ2xl\/AVvXsEgirZh5Ewzacy5axEJQ9KKyOErbXWGsS9jzrWc89zHDG0t-J9ex6eY8IrQpgrzjWK2Ls8Lzt06UBH3uEbaCYM2DP4lt6IsoCPEoryVh-WS97KvlX-B2P2rdNER5jCMQQh4u7s3Dab-bcED3\/s320\/Yeni+Bit+E%25C5%259Flem+Resmi+%25282%2529.bmp","articleSection":["Ders Notlar\u0131"],"inLanguage":"tr","potentialAction":[{"@type":"CommentAction","name":"Comment","target":["https:\/\/tarihkursu.com\/index.php\/2019\/04\/28\/osmanli-devletinde-gunluk-yasam-tarih-10-7-unite-klasik-cagda-osmanli-toplum-duzeni-2-konu\/#respond"]}]},{"@type":"WebPage","@id":"https:\/\/tarihkursu.com\/index.php\/2019\/04\/28\/osmanli-devletinde-gunluk-yasam-tarih-10-7-unite-klasik-cagda-osmanli-toplum-duzeni-2-konu\/","url":"https:\/\/tarihkursu.com\/index.php\/2019\/04\/28\/osmanli-devletinde-gunluk-yasam-tarih-10-7-unite-klasik-cagda-osmanli-toplum-duzeni-2-konu\/","name":"OSMANLI DEVLET\u0130NDE G\u00dcNL\u00dcK YA\u015eAM, TAR\u0130H 10 7. \u00dcN\u0130TE KLAS\u0130K \u00c7A\u011eDA OSMANLI TOPLUM D\u00dcZEN\u0130 2. KONU - tarihkursu.com","isPartOf":{"@id":"https:\/\/tarihkursu.com\/#website"},"primaryImageOfPage":{"@id":"https:\/\/tarihkursu.com\/index.php\/2019\/04\/28\/osmanli-devletinde-gunluk-yasam-tarih-10-7-unite-klasik-cagda-osmanli-toplum-duzeni-2-konu\/#primaryimage"},"image":{"@id":"https:\/\/tarihkursu.com\/index.php\/2019\/04\/28\/osmanli-devletinde-gunluk-yasam-tarih-10-7-unite-klasik-cagda-osmanli-toplum-duzeni-2-konu\/#primaryimage"},"thumbnailUrl":"https:\/\/blogger.googleusercontent.com\/img\/b\/R29vZ2xl\/AVvXsEgirZh5Ewzacy5axEJQ9KKyOErbXWGsS9jzrWc89zHDG0t-J9ex6eY8IrQpgrzjWK2Ls8Lzt06UBH3uEbaCYM2DP4lt6IsoCPEoryVh-WS97KvlX-B2P2rdNER5jCMQQh4u7s3Dab-bcED3\/s320\/Yeni+Bit+E%25C5%259Flem+Resmi+%25282%2529.bmp","datePublished":"2019-04-28T12:04:00+00:00","breadcrumb":{"@id":"https:\/\/tarihkursu.com\/index.php\/2019\/04\/28\/osmanli-devletinde-gunluk-yasam-tarih-10-7-unite-klasik-cagda-osmanli-toplum-duzeni-2-konu\/#breadcrumb"},"inLanguage":"tr","potentialAction":[{"@type":"ReadAction","target":["https:\/\/tarihkursu.com\/index.php\/2019\/04\/28\/osmanli-devletinde-gunluk-yasam-tarih-10-7-unite-klasik-cagda-osmanli-toplum-duzeni-2-konu\/"]}]},{"@type":"ImageObject","inLanguage":"tr","@id":"https:\/\/tarihkursu.com\/index.php\/2019\/04\/28\/osmanli-devletinde-gunluk-yasam-tarih-10-7-unite-klasik-cagda-osmanli-toplum-duzeni-2-konu\/#primaryimage","url":"https:\/\/blogger.googleusercontent.com\/img\/b\/R29vZ2xl\/AVvXsEgirZh5Ewzacy5axEJQ9KKyOErbXWGsS9jzrWc89zHDG0t-J9ex6eY8IrQpgrzjWK2Ls8Lzt06UBH3uEbaCYM2DP4lt6IsoCPEoryVh-WS97KvlX-B2P2rdNER5jCMQQh4u7s3Dab-bcED3\/s320\/Yeni+Bit+E%25C5%259Flem+Resmi+%25282%2529.bmp","contentUrl":"https:\/\/blogger.googleusercontent.com\/img\/b\/R29vZ2xl\/AVvXsEgirZh5Ewzacy5axEJQ9KKyOErbXWGsS9jzrWc89zHDG0t-J9ex6eY8IrQpgrzjWK2Ls8Lzt06UBH3uEbaCYM2DP4lt6IsoCPEoryVh-WS97KvlX-B2P2rdNER5jCMQQh4u7s3Dab-bcED3\/s320\/Yeni+Bit+E%25C5%259Flem+Resmi+%25282%2529.bmp"},{"@type":"BreadcrumbList","@id":"https:\/\/tarihkursu.com\/index.php\/2019\/04\/28\/osmanli-devletinde-gunluk-yasam-tarih-10-7-unite-klasik-cagda-osmanli-toplum-duzeni-2-konu\/#breadcrumb","itemListElement":[{"@type":"ListItem","position":1,"name":"Anasayfa","item":"https:\/\/tarihkursu.com\/"},{"@type":"ListItem","position":2,"name":"OSMANLI DEVLET\u0130NDE G\u00dcNL\u00dcK YA\u015eAM, TAR\u0130H 10 7. \u00dcN\u0130TE KLAS\u0130K \u00c7A\u011eDA OSMANLI TOPLUM D\u00dcZEN\u0130 2. KONU"}]},{"@type":"WebSite","@id":"https:\/\/tarihkursu.com\/#website","url":"https:\/\/tarihkursu.com\/","name":"Tarih Kursu","description":"\u0130\u015fimiz G\u00fcc\u00fcm\u00fcz Tarih","publisher":{"@id":"https:\/\/tarihkursu.com\/#\/schema\/person\/4d7bdc3b79e9f5198455474c0f203f3c"},"potentialAction":[{"@type":"SearchAction","target":{"@type":"EntryPoint","urlTemplate":"https:\/\/tarihkursu.com\/?s={search_term_string}"},"query-input":{"@type":"PropertyValueSpecification","valueRequired":true,"valueName":"search_term_string"}}],"inLanguage":"tr"},{"@type":["Person","Organization"],"@id":"https:\/\/tarihkursu.com\/#\/schema\/person\/4d7bdc3b79e9f5198455474c0f203f3c","name":"admin","image":{"@type":"ImageObject","inLanguage":"tr","@id":"https:\/\/tarihkursu.com\/wp-content\/uploads\/2024\/10\/TARIHKURSU-Kopyasi.png","url":"https:\/\/tarihkursu.com\/wp-content\/uploads\/2024\/10\/TARIHKURSU-Kopyasi.png","contentUrl":"https:\/\/tarihkursu.com\/wp-content\/uploads\/2024\/10\/TARIHKURSU-Kopyasi.png","width":1080,"height":1080,"caption":"admin"},"logo":{"@id":"https:\/\/tarihkursu.com\/wp-content\/uploads\/2024\/10\/TARIHKURSU-Kopyasi.png"},"sameAs":["https:\/\/tarihkursu.com"]},{"@type":"Person","@id":"https:\/\/tarihkursu.com\/#\/schema\/person\/d0f9105e31352dbe9f08d098ffb8c878","name":"tarihkursu","image":{"@type":"ImageObject","inLanguage":"tr","@id":"https:\/\/secure.gravatar.com\/avatar\/1354763acbc865faa7650c3e1e4431f187276d71f132349411302a546cdeae54?s=96&d=mm&r=g","url":"https:\/\/secure.gravatar.com\/avatar\/1354763acbc865faa7650c3e1e4431f187276d71f132349411302a546cdeae54?s=96&d=mm&r=g","contentUrl":"https:\/\/secure.gravatar.com\/avatar\/1354763acbc865faa7650c3e1e4431f187276d71f132349411302a546cdeae54?s=96&d=mm&r=g","caption":"tarihkursu"},"url":"https:\/\/tarihkursu.com\/index.php\/author\/tarihkursu\/"}]}},"_links":{"self":[{"href":"https:\/\/tarihkursu.com\/index.php\/wp-json\/wp\/v2\/posts\/631","targetHints":{"allow":["GET"]}}],"collection":[{"href":"https:\/\/tarihkursu.com\/index.php\/wp-json\/wp\/v2\/posts"}],"about":[{"href":"https:\/\/tarihkursu.com\/index.php\/wp-json\/wp\/v2\/types\/post"}],"author":[{"embeddable":true,"href":"https:\/\/tarihkursu.com\/index.php\/wp-json\/wp\/v2\/users\/2"}],"replies":[{"embeddable":true,"href":"https:\/\/tarihkursu.com\/index.php\/wp-json\/wp\/v2\/comments?post=631"}],"version-history":[{"count":0,"href":"https:\/\/tarihkursu.com\/index.php\/wp-json\/wp\/v2\/posts\/631\/revisions"}],"wp:attachment":[{"href":"https:\/\/tarihkursu.com\/index.php\/wp-json\/wp\/v2\/media?parent=631"}],"wp:term":[{"taxonomy":"category","embeddable":true,"href":"https:\/\/tarihkursu.com\/index.php\/wp-json\/wp\/v2\/categories?post=631"},{"taxonomy":"post_tag","embeddable":true,"href":"https:\/\/tarihkursu.com\/index.php\/wp-json\/wp\/v2\/tags?post=631"}],"curies":[{"name":"wp","href":"https:\/\/api.w.org\/{rel}","templated":true}]}}