{"id":836,"date":"2018-11-04T16:00:00","date_gmt":"2018-11-04T13:00:00","guid":{"rendered":"https:\/\/tarihkursu.com\/index.php\/2018\/11\/04\/degisim-caginda-avrupa-ve-osmanli-slayt-2-bolum\/"},"modified":"2018-11-04T16:00:00","modified_gmt":"2018-11-04T13:00:00","slug":"degisim-caginda-avrupa-ve-osmanli-slayt-2-bolum","status":"publish","type":"post","link":"https:\/\/tarihkursu.com\/index.php\/2018\/11\/04\/degisim-caginda-avrupa-ve-osmanli-slayt-2-bolum\/","title":{"rendered":"DE\u011e\u0130\u015e\u0130M \u00c7A\u011eINDA AVRUPA VE OSMANLI SLAYT (2. B\u00d6L\u00dcM)"},"content":{"rendered":"<div style=\"clear: both; text-align: center;\">\n<a href=\"https:\/\/blogger.googleusercontent.com\/img\/b\/R29vZ2xl\/AVvXsEjw9Zsr2OwdXCrdFNFp5frVZFLcihDG5vZ_uqR1L1hzu8X0izzjKg_GqrhIjypRoVAzUFRMKEkElgGHgXWee4v7AWr_E6vS4KZHO1BlpHQSWS-rgChA1u3aFKmcrjp1wD3TxlsVKOI1WTU7\/s1600\/DE%25C4%259E%25C4%25B0%25C5%259E%25C4%25B0M+%25C3%2587A%25C4%259EINDA++AVRUPA+ve+OSMANLI+.jpg\" style=\"clear: left; float: left; margin-bottom: 1em; margin-right: 1em; text-align: left;\"><span style=\"font-size: large;\"><img loading=\"lazy\" decoding=\"async\" border=\"0\" data-original-height=\"720\" data-original-width=\"1280\" height=\"180\" src=\"https:\/\/blogger.googleusercontent.com\/img\/b\/R29vZ2xl\/AVvXsEjw9Zsr2OwdXCrdFNFp5frVZFLcihDG5vZ_uqR1L1hzu8X0izzjKg_GqrhIjypRoVAzUFRMKEkElgGHgXWee4v7AWr_E6vS4KZHO1BlpHQSWS-rgChA1u3aFKmcrjp1wD3TxlsVKOI1WTU7\/s320\/DE%25C4%259E%25C4%25B0%25C5%259E%25C4%25B0M+%25C3%2587A%25C4%259EINDA++AVRUPA+ve+OSMANLI+.jpg\" width=\"320\" \/><\/span><\/a><\/div>\n<div style=\"text-align: left;\">\n<span style=\"font-size: large;\"><span style=\"background-color: white; color: #444444; font-family: &quot;times new roman&quot; , &quot;times&quot; , &quot;freeserif&quot; , serif;\">Bu sayfada sizler i\u00e7in haz\u0131rlad\u0131\u011f\u0131m\u0131z&nbsp;<b>tarih konu anlat\u0131m slaytlar\u0131na&nbsp;<\/b>yer verdik.Slaytlar yeni m\u00fcfredata uygun olarak haz\u0131rlanm\u0131\u015ft\u0131r.&nbsp;<\/span><span style=\"background-color: white; color: #444444; font-family: &quot;times new roman&quot; , &quot;times&quot; , &quot;freeserif&quot; , serif;\"><b>DE\u011e\u0130\u015e\u0130M \u00c7A\u011eINDA&nbsp;<\/b><\/span><b style=\"background-color: white; color: #444444; font-family: &quot;times new roman&quot;, times, freeserif, serif;\">AVRUPA VE OSMANLI&nbsp;sunu<\/b><span style=\"background-color: white; color: #444444; font-family: &quot;times new roman&quot; , &quot;times&quot; , &quot;freeserif&quot; , serif;\">su<\/span><\/span><\/div>\n<div style=\"text-align: left;\">\n<span style=\"font-size: large;\"><a href=\"https:\/\/www.blogger.com\/null\" name=\"more\" style=\"background-color: white; color: #444444; font-family: &quot;times new roman&quot;, times, freeserif, serif;\"><\/a><span style=\"background-color: white; color: #444444; font-family: &quot;times new roman&quot; , &quot;times&quot; , &quot;freeserif&quot; , serif;\">haz\u0131rlan\u0131rken yeni ders kitab\u0131ndan yararlan\u0131lm\u0131\u015ft\u0131r.&nbsp;<\/span><span style=\"background-color: white; color: #444444; font-family: &quot;times new roman&quot; , &quot;times&quot; , &quot;freeserif&quot; , serif;\">Bu<\/span><span style=\"background-color: white; color: #444444; font-family: &quot;times new roman&quot; , &quot;times&quot; , &quot;freeserif&quot; , serif;\">&nbsp;<\/span><b style=\"background-color: white; color: #444444; font-family: &quot;times new roman&quot;, times, freeserif, serif;\">tarih sunular\u0131<\/b><span style=\"background-color: white; color: #444444; font-family: &quot;times new roman&quot; , &quot;times&quot; , &quot;freeserif&quot; , serif;\">&nbsp;<\/span><span style=\"background-color: white; color: #444444; font-family: &quot;times new roman&quot; , &quot;times&quot; , &quot;freeserif&quot; , serif;\">\u00f6\u011frenci&nbsp;<\/span><span style=\"background-color: white; color: #444444; font-family: &quot;times new roman&quot; , &quot;times&quot; , &quot;freeserif&quot; , serif;\">arkada\u015flar\u0131m\u0131z\u0131 tarih derslerine ve&nbsp;<\/span><b style=\"background-color: white; color: #444444; font-family: &quot;times new roman&quot;, times, freeserif, serif;\">ayt tarih<\/b><span style=\"background-color: white; color: #444444; font-family: &quot;times new roman&quot; , &quot;times&quot; , &quot;freeserif&quot; , serif;\">,&nbsp;<\/span><b style=\"background-color: white; color: #444444; font-family: &quot;times new roman&quot;, times, freeserif, serif;\">tyt tarih<\/b><span style=\"background-color: white; color: #444444; font-family: &quot;times new roman&quot; , &quot;times&quot; , &quot;freeserif&quot; , serif;\">&nbsp;s\u0131navlar\u0131na haz\u0131rlamak i\u00e7in olu\u015fturulmu\u015ftur. <\/span><\/span><\/div>\n<p><a name='more'><\/a><\/p>\n<div style=\"text-align: left;\">\n<span style=\"font-size: large;\">\u00d6\u011fretmen arkada\u015flar\u0131m\u0131z da bu sunular\u0131 etkile\u015fimli tahtadan a\u00e7arak okul derslerinde, destekleme ve yeti\u015ftirme kurslar\u0131nda kullanabilirler. \u0130yi \u00e7al\u0131\u015fmalar.<\/span><\/div>\n<p>\n<ins data-ad-client=\"ca-pub-8292832365502904\" data-ad-format=\"fluid\" data-ad-layout=\"in-article\" data-ad-slot=\"9291998791\" style=\"display: block; text-align: center;\"><\/ins><\/p>\n<div style=\"text-align: left;\">\n<span style=\"color: #444444; font-family: &quot;times new roman&quot; , &quot;times&quot; , &quot;freeserif&quot; , serif; font-size: large;\"><br \/><\/span><\/div>\n<p><b style=\"background-color: white; color: #444444; font-family: &quot;times new roman&quot;, times, freeserif, serif;\"><\/b><\/p>\n<div style=\"text-align: left;\">\n<b style=\"background-color: white; color: #444444; font-family: &quot;times new roman&quot;, times, freeserif, serif;\"><b style=\"background-color: white; color: #444444; font-family: &quot;times new roman&quot;, times, freeserif, serif;\"><span style=\"font-family: &quot;georgia&quot; , &quot;times new roman&quot; , serif;\"><span style=\"font-size: large;\">TAR\u0130H 11 II.&nbsp;\u00dcN\u0130TE&nbsp;DE\u011e\u0130\u015e\u0130M \u00c7A\u011eINDA AVRUPA VE OSMANLI&nbsp;<\/span><\/span><\/b><b style=\"background-color: white; color: #444444; font-family: &quot;times new roman&quot;, times, freeserif, serif;\"><span style=\"font-family: &quot;georgia&quot; , &quot;times new roman&quot; , serif;\"><span style=\"font-size: large;\">(2. B\u00d6L\u00dcM)&nbsp;<\/span><\/span><\/b><\/b><\/div>\n<p><b style=\"background-color: white; color: #444444; font-family: &quot;times new roman&quot;, times, freeserif, serif;\"><br \/>\n<\/b><\/p>\n<div style=\"text-align: left;\">\n<b style=\"color: #444444; font-family: &quot;times new roman&quot;, times, freeserif, serif;\"><span style=\"font-family: &quot;georgia&quot; , &quot;times new roman&quot; , serif;\"><span style=\"background-color: yellow; font-size: large;\"><a href=\"https:\/\/drive.google.com\/file\/d\/1zBbEMlxP9ShSH-m4wRg0tMAJstuOtvIf\/view?usp=sharing\" target=\"_blank\" rel=\"noopener\">SUNUYU \u0130ND\u0130RMEK&nbsp; \u0130\u00c7\u0130N TIKLA<\/a><\/span><\/span><\/b><\/div>\n<p>\n<ins data-ad-client=\"ca-pub-8292832365502904\" data-ad-format=\"fluid\" data-ad-layout=\"in-article\" data-ad-slot=\"9291998791\" style=\"display: block; text-align: center;\"><\/ins><\/p>\n<div style=\"text-align: left;\">\n<span style=\"color: #444444; font-family: &quot;times new roman&quot; , &quot;times&quot; , &quot;freeserif&quot; , serif; font-size: large;\"><br \/><\/span><\/div>\n<p><span style=\"font-size: large;\"><\/span><\/p>\n<div style=\"text-align: left;\">\n<span style=\"font-size: large;\"><span style=\"background-color: white; color: #444444; font-family: &quot;times new roman&quot; , &quot;times&quot; , &quot;freeserif&quot; , serif; font-size: medium; text-align: center;\">\u00dcN\u0130TE KONULARI<\/span><\/span><\/div>\n<p><span style=\"font-size: large;\"><br \/>\n<span style=\"background-color: white; color: #444444; font-family: &quot;times new roman&quot; , &quot;times&quot; , &quot;freeserif&quot; , serif;\"><\/span><\/span><\/p>\n<div style=\"text-align: left;\">\n<span style=\"background-color: white; text-align: center;\"><span style=\"color: #444444; font-family: &quot;times new roman&quot; , &quot;times&quot; , &quot;freeserif&quot; , serif; font-size: large;\">OSMANLI SOSYO-EKONOM\u0130K YAPISINDA DE\u011e\u0130\u015e\u0130KL\u0130KLER<\/span><\/span><\/div>\n<div style=\"text-align: left;\">\n<span style=\"background-color: white; text-align: center;\"><span style=\"color: #444444; font-family: &quot;times new roman&quot; , &quot;times&quot; , &quot;freeserif&quot; , serif; font-size: large;\">Ate\u015fli silahlar\u0131n geli\u015fmesi ve piyade s\u0131n\u0131f\u0131n\u0131n \u00f6nem kazanmas\u0131<\/span><\/span><\/div>\n<div style=\"text-align: left;\">\n<span style=\"background-color: white; text-align: center;\"><span style=\"color: #444444; font-family: &quot;times new roman&quot; , &quot;times&quot; , &quot;freeserif&quot; , serif; font-size: large;\">Osmanl\u0131 Devleti\u2019nin verdi\u011fi kapit\u00fclasyonlar\u0131n s\u00fcrekli h\u00e2le getirilmesi<\/span><\/span><\/div>\n<div style=\"text-align: left;\">\n<span style=\"background-color: white; text-align: center;\"><span style=\"color: #444444; font-family: &quot;times new roman&quot; , &quot;times&quot; , &quot;freeserif&quot; , serif; font-size: large;\">Osmanl\u0131 Devleti\u2019nde vergi ve toprak sistemi (iltizam ve malik\u00e2ne)<\/span><\/span><\/div>\n<div style=\"background-color: white; color: #444444; font-family: &quot;Times New Roman&quot;, Times, FreeSerif, serif; text-align: center;\">\n<div style=\"text-align: left;\">\n<\/div>\n<\/div>\n<div style=\"background-color: white; color: #444444; font-family: &quot;Times New Roman&quot;, Times, FreeSerif, serif;\">\n<div style=\"text-align: left;\">\n<span style=\"font-size: large;\"><br \/><\/span><\/div>\n<\/div>\n<div style=\"background-color: white;\">\n<div style=\"color: #444444; font-family: &quot;times new roman&quot;, times, freeserif, serif; text-align: left;\">\n<span style=\"font-size: large;\"><b>NOT:&nbsp;&nbsp;Bu \u00fcnitenin devam\u0131n\u0131 olu\u015fturan sunular\u0131&nbsp;<a href=\"http:\/\/www.tarihkursu.com\/search\/label\/KONU%20ANLATIM%20SLAYTLARI\" style=\"color: #4d469c; text-decoration-line: none;\" target=\"_blank\" rel=\"noopener\">www.tarihkursu\/konu anlat\u0131m slaytlar\u0131&nbsp;<\/a>b\u00f6l\u00fcm\u00fcnden indirebilirsiniz.<\/b><\/span><\/div>\n<div style=\"color: #444444; font-family: &quot;times new roman&quot;, times, freeserif, serif;\">\n<div style=\"text-align: left;\">\n<span style=\"font-size: large;\"><br \/><\/span><\/div>\n<\/div>\n<div style=\"color: #444444; font-family: &quot;times new roman&quot;, times, freeserif, serif; line-height: 32px;\">\n<div style=\"text-align: left;\">\n<span style=\"color: red; font-family: &quot;times new roman&quot; , serif; line-height: 32px;\"><span style=\"font-size: large;\">Daha fazlas\u0131 i\u00e7in bizi takip edin<o:p><\/o:p><\/span><\/span><\/div>\n<\/div>\n<div style=\"color: #444444; font-family: &quot;times new roman&quot;, times, freeserif, serif; line-height: 32px;\">\n<div style=\"text-align: left;\">\n<span style=\"font-size: large;\"><span style=\"font-family: &quot;times new roman&quot; , serif; line-height: 48px;\"><a href=\"http:\/\/www.tarihkursu.com\/\" style=\"color: #4d469c; text-decoration-line: none;\">http:\/\/www.tarihkursu.com\/<\/a><\/span><span style=\"color: red; font-family: &quot;times new roman&quot; , serif; line-height: 48px;\"><o:p><\/o:p><\/span><\/span><\/div>\n<\/div>\n<div style=\"color: #444444; font-family: &quot;times new roman&quot;, times, freeserif, serif; line-height: 32px;\">\n<div style=\"text-align: left;\">\n<span style=\"font-family: &quot;times new roman&quot; , serif; line-height: 32px;\"><a href=\"https:\/\/www.facebook.com\/tarihkursu\/\" style=\"color: #3778cd;\"><span style=\"font-size: large;\">Facebook sayfam\u0131z\u0131 be\u011fenmek i\u00e7in t\u0131klay\u0131n<\/span><\/a><\/span><\/div>\n<\/div>\n<p>\n<span style=\"color: #444444; font-family: &quot;times new roman&quot; , &quot;times&quot; , &quot;freeserif&quot; , serif; font-size: large;\"><\/span><\/p>\n<div style=\"text-align: left;\">\n<span style=\"color: #444444; font-family: &quot;times new roman&quot; , &quot;times&quot; , &quot;freeserif&quot; , serif; font-size: large;\"><a href=\"https:\/\/www.youtube.com\/channel\/UCcXZauyDbkHjddTYFBn4BCw\" style=\"color: #4d469c; font-family: &quot;times new roman&quot;, serif;\">Yotube kanal\u0131m\u0131za abone olmak i\u00e7in t\u0131klay\u0131n<\/a><\/span><\/div>\n<p><span style=\"color: #444444; font-family: &quot;times new roman&quot; , &quot;times&quot; , &quot;freeserif&quot; , serif; font-size: large;\"><br \/>\n<\/span><\/p>\n<table cellpadding=\"0\" cellspacing=\"0\" hspace=\"0\" style=\"color: #444444; font-family: &quot;times new roman&quot;, times, freeserif, serif; height: 165px; text-align: left; width: 625px;\" vspace=\"0\">\n<tbody>\n<tr>\n<td height=\"165\" style=\"padding: 0cm;\" valign=\"top\"><span style=\"font-size: large;\"><br \/><\/span><\/td>\n<td height=\"165\" style=\"padding: 0cm;\" valign=\"top\"><\/td>\n<td height=\"165\" style=\"padding: 0cm;\" valign=\"top\"><span style=\"font-size: large;\"><br \/><\/span><\/td>\n<td height=\"165\" style=\"padding: 0cm;\" valign=\"top\"><\/td>\n<\/tr>\n<\/tbody>\n<\/table>\n<\/div>\n","protected":false},"excerpt":{"rendered":"<div class=\"mh-excerpt\"><p>Bu sayfada sizler i\u00e7in haz\u0131rlad\u0131\u011f\u0131m\u0131z&nbsp;tarih konu anlat\u0131m slaytlar\u0131na&nbsp;yer verdik.Slaytlar yeni m\u00fcfredata uygun olarak haz\u0131rlanm\u0131\u015ft\u0131r.&nbsp;DE\u011e\u0130\u015e\u0130M \u00c7A\u011eINDA&nbsp;AVRUPA VE OSMANLI&nbsp;sunusu haz\u0131rlan\u0131rken yeni ders kitab\u0131ndan yararlan\u0131lm\u0131\u015ft\u0131r.&nbsp;Bu&nbsp;tarih sunular\u0131&nbsp;\u00f6\u011frenci&nbsp;arkada\u015flar\u0131m\u0131z\u0131 tarih derslerine <a class=\"mh-excerpt-more\" href=\"https:\/\/tarihkursu.com\/index.php\/2018\/11\/04\/degisim-caginda-avrupa-ve-osmanli-slayt-2-bolum\/\" title=\"DE\u011e\u0130\u015e\u0130M \u00c7A\u011eINDA AVRUPA VE OSMANLI SLAYT (2. B\u00d6L\u00dcM)\">[&#8230;]<\/a><\/p>\n<\/div>","protected":false},"author":2,"featured_media":0,"comment_status":"open","ping_status":"open","sticky":false,"template":"","format":"standard","meta":{"_regular_price":[],"currency_symbol":[],"footnotes":""},"categories":[70],"tags":[],"class_list":["post-836","post","type-post","status-publish","format-standard","hentry","category-konu-anlatim-slaytlari"],"post_slider_layout_featured_media_urls":{"thumbnail":"","post_slider_layout_landscape_large":"","post_slider_layout_portrait_large":"","post_slider_layout_square_large":"","post_slider_layout_landscape":"","post_slider_layout_portrait":"","post_slider_layout_square":"","full":""},"yoast_head":"<!-- This site is optimized with the Yoast SEO plugin v27.5 - https:\/\/yoast.com\/product\/yoast-seo-wordpress\/ -->\n<title>DE\u011e\u0130\u015e\u0130M \u00c7A\u011eINDA AVRUPA VE OSMANLI SLAYT (2. B\u00d6L\u00dcM) - tarihkursu.com<\/title>\n<meta name=\"robots\" content=\"index, follow, max-snippet:-1, max-image-preview:large, max-video-preview:-1\" \/>\n<link rel=\"canonical\" href=\"https:\/\/tarihkursu.com\/index.php\/2018\/11\/04\/degisim-caginda-avrupa-ve-osmanli-slayt-2-bolum\/\" \/>\n<meta property=\"og:locale\" content=\"tr_TR\" \/>\n<meta property=\"og:type\" content=\"article\" \/>\n<meta property=\"og:title\" content=\"DE\u011e\u0130\u015e\u0130M \u00c7A\u011eINDA AVRUPA VE OSMANLI SLAYT (2. B\u00d6L\u00dcM) - tarihkursu.com\" \/>\n<meta property=\"og:description\" content=\"Bu sayfada sizler i\u00e7in haz\u0131rlad\u0131\u011f\u0131m\u0131z&nbsp;tarih konu anlat\u0131m slaytlar\u0131na&nbsp;yer verdik.Slaytlar yeni m\u00fcfredata uygun olarak haz\u0131rlanm\u0131\u015ft\u0131r.&nbsp;DE\u011e\u0130\u015e\u0130M \u00c7A\u011eINDA&nbsp;AVRUPA VE OSMANLI&nbsp;sunusu haz\u0131rlan\u0131rken yeni ders kitab\u0131ndan yararlan\u0131lm\u0131\u015ft\u0131r.&nbsp;Bu&nbsp;tarih sunular\u0131&nbsp;\u00f6\u011frenci&nbsp;arkada\u015flar\u0131m\u0131z\u0131 tarih derslerine [...]\" \/>\n<meta property=\"og:url\" content=\"https:\/\/tarihkursu.com\/index.php\/2018\/11\/04\/degisim-caginda-avrupa-ve-osmanli-slayt-2-bolum\/\" \/>\n<meta property=\"og:site_name\" content=\"tarihkursu.com\" \/>\n<meta property=\"article:published_time\" content=\"2018-11-04T13:00:00+00:00\" \/>\n<meta property=\"og:image\" content=\"https:\/\/blogger.googleusercontent.com\/img\/b\/R29vZ2xl\/AVvXsEjw9Zsr2OwdXCrdFNFp5frVZFLcihDG5vZ_uqR1L1hzu8X0izzjKg_GqrhIjypRoVAzUFRMKEkElgGHgXWee4v7AWr_E6vS4KZHO1BlpHQSWS-rgChA1u3aFKmcrjp1wD3TxlsVKOI1WTU7\/s320\/DE%25C4%259E%25C4%25B0%25C5%259E%25C4%25B0M+%25C3%2587A%25C4%259EINDA++AVRUPA+ve+OSMANLI+.jpg\" \/>\n<meta name=\"author\" content=\"tarihkursu\" \/>\n<meta name=\"twitter:card\" content=\"summary_large_image\" \/>\n<meta name=\"twitter:label1\" content=\"Yazan:\" \/>\n\t<meta name=\"twitter:data1\" content=\"tarihkursu\" \/>\n\t<meta name=\"twitter:label2\" content=\"Tahmini okuma s\u00fcresi\" \/>\n\t<meta name=\"twitter:data2\" content=\"1 dakika\" \/>\n<script type=\"application\/ld+json\" class=\"yoast-schema-graph\">{\"@context\":\"https:\\\/\\\/schema.org\",\"@graph\":[{\"@type\":\"Article\",\"@id\":\"https:\\\/\\\/tarihkursu.com\\\/index.php\\\/2018\\\/11\\\/04\\\/degisim-caginda-avrupa-ve-osmanli-slayt-2-bolum\\\/#article\",\"isPartOf\":{\"@id\":\"https:\\\/\\\/tarihkursu.com\\\/index.php\\\/2018\\\/11\\\/04\\\/degisim-caginda-avrupa-ve-osmanli-slayt-2-bolum\\\/\"},\"author\":{\"name\":\"tarihkursu\",\"@id\":\"https:\\\/\\\/tarihkursu.com\\\/#\\\/schema\\\/person\\\/d0f9105e31352dbe9f08d098ffb8c878\"},\"headline\":\"DE\u011e\u0130\u015e\u0130M \u00c7A\u011eINDA AVRUPA VE OSMANLI SLAYT (2. B\u00d6L\u00dcM)\",\"datePublished\":\"2018-11-04T13:00:00+00:00\",\"mainEntityOfPage\":{\"@id\":\"https:\\\/\\\/tarihkursu.com\\\/index.php\\\/2018\\\/11\\\/04\\\/degisim-caginda-avrupa-ve-osmanli-slayt-2-bolum\\\/\"},\"wordCount\":249,\"commentCount\":1,\"publisher\":{\"@id\":\"https:\\\/\\\/tarihkursu.com\\\/#\\\/schema\\\/person\\\/4d7bdc3b79e9f5198455474c0f203f3c\"},\"image\":{\"@id\":\"https:\\\/\\\/tarihkursu.com\\\/index.php\\\/2018\\\/11\\\/04\\\/degisim-caginda-avrupa-ve-osmanli-slayt-2-bolum\\\/#primaryimage\"},\"thumbnailUrl\":\"https:\\\/\\\/blogger.googleusercontent.com\\\/img\\\/b\\\/R29vZ2xl\\\/AVvXsEjw9Zsr2OwdXCrdFNFp5frVZFLcihDG5vZ_uqR1L1hzu8X0izzjKg_GqrhIjypRoVAzUFRMKEkElgGHgXWee4v7AWr_E6vS4KZHO1BlpHQSWS-rgChA1u3aFKmcrjp1wD3TxlsVKOI1WTU7\\\/s320\\\/DE%25C4%259E%25C4%25B0%25C5%259E%25C4%25B0M+%25C3%2587A%25C4%259EINDA++AVRUPA+ve+OSMANLI+.jpg\",\"articleSection\":[\"KONU ANLATIM SLAYTLARI\"],\"inLanguage\":\"tr\",\"potentialAction\":[{\"@type\":\"CommentAction\",\"name\":\"Comment\",\"target\":[\"https:\\\/\\\/tarihkursu.com\\\/index.php\\\/2018\\\/11\\\/04\\\/degisim-caginda-avrupa-ve-osmanli-slayt-2-bolum\\\/#respond\"]}]},{\"@type\":\"WebPage\",\"@id\":\"https:\\\/\\\/tarihkursu.com\\\/index.php\\\/2018\\\/11\\\/04\\\/degisim-caginda-avrupa-ve-osmanli-slayt-2-bolum\\\/\",\"url\":\"https:\\\/\\\/tarihkursu.com\\\/index.php\\\/2018\\\/11\\\/04\\\/degisim-caginda-avrupa-ve-osmanli-slayt-2-bolum\\\/\",\"name\":\"DE\u011e\u0130\u015e\u0130M \u00c7A\u011eINDA AVRUPA VE OSMANLI SLAYT (2. B\u00d6L\u00dcM) - tarihkursu.com\",\"isPartOf\":{\"@id\":\"https:\\\/\\\/tarihkursu.com\\\/#website\"},\"primaryImageOfPage\":{\"@id\":\"https:\\\/\\\/tarihkursu.com\\\/index.php\\\/2018\\\/11\\\/04\\\/degisim-caginda-avrupa-ve-osmanli-slayt-2-bolum\\\/#primaryimage\"},\"image\":{\"@id\":\"https:\\\/\\\/tarihkursu.com\\\/index.php\\\/2018\\\/11\\\/04\\\/degisim-caginda-avrupa-ve-osmanli-slayt-2-bolum\\\/#primaryimage\"},\"thumbnailUrl\":\"https:\\\/\\\/blogger.googleusercontent.com\\\/img\\\/b\\\/R29vZ2xl\\\/AVvXsEjw9Zsr2OwdXCrdFNFp5frVZFLcihDG5vZ_uqR1L1hzu8X0izzjKg_GqrhIjypRoVAzUFRMKEkElgGHgXWee4v7AWr_E6vS4KZHO1BlpHQSWS-rgChA1u3aFKmcrjp1wD3TxlsVKOI1WTU7\\\/s320\\\/DE%25C4%259E%25C4%25B0%25C5%259E%25C4%25B0M+%25C3%2587A%25C4%259EINDA++AVRUPA+ve+OSMANLI+.jpg\",\"datePublished\":\"2018-11-04T13:00:00+00:00\",\"breadcrumb\":{\"@id\":\"https:\\\/\\\/tarihkursu.com\\\/index.php\\\/2018\\\/11\\\/04\\\/degisim-caginda-avrupa-ve-osmanli-slayt-2-bolum\\\/#breadcrumb\"},\"inLanguage\":\"tr\",\"potentialAction\":[{\"@type\":\"ReadAction\",\"target\":[\"https:\\\/\\\/tarihkursu.com\\\/index.php\\\/2018\\\/11\\\/04\\\/degisim-caginda-avrupa-ve-osmanli-slayt-2-bolum\\\/\"]}]},{\"@type\":\"ImageObject\",\"inLanguage\":\"tr\",\"@id\":\"https:\\\/\\\/tarihkursu.com\\\/index.php\\\/2018\\\/11\\\/04\\\/degisim-caginda-avrupa-ve-osmanli-slayt-2-bolum\\\/#primaryimage\",\"url\":\"https:\\\/\\\/blogger.googleusercontent.com\\\/img\\\/b\\\/R29vZ2xl\\\/AVvXsEjw9Zsr2OwdXCrdFNFp5frVZFLcihDG5vZ_uqR1L1hzu8X0izzjKg_GqrhIjypRoVAzUFRMKEkElgGHgXWee4v7AWr_E6vS4KZHO1BlpHQSWS-rgChA1u3aFKmcrjp1wD3TxlsVKOI1WTU7\\\/s320\\\/DE%25C4%259E%25C4%25B0%25C5%259E%25C4%25B0M+%25C3%2587A%25C4%259EINDA++AVRUPA+ve+OSMANLI+.jpg\",\"contentUrl\":\"https:\\\/\\\/blogger.googleusercontent.com\\\/img\\\/b\\\/R29vZ2xl\\\/AVvXsEjw9Zsr2OwdXCrdFNFp5frVZFLcihDG5vZ_uqR1L1hzu8X0izzjKg_GqrhIjypRoVAzUFRMKEkElgGHgXWee4v7AWr_E6vS4KZHO1BlpHQSWS-rgChA1u3aFKmcrjp1wD3TxlsVKOI1WTU7\\\/s320\\\/DE%25C4%259E%25C4%25B0%25C5%259E%25C4%25B0M+%25C3%2587A%25C4%259EINDA++AVRUPA+ve+OSMANLI+.jpg\"},{\"@type\":\"BreadcrumbList\",\"@id\":\"https:\\\/\\\/tarihkursu.com\\\/index.php\\\/2018\\\/11\\\/04\\\/degisim-caginda-avrupa-ve-osmanli-slayt-2-bolum\\\/#breadcrumb\",\"itemListElement\":[{\"@type\":\"ListItem\",\"position\":1,\"name\":\"Anasayfa\",\"item\":\"https:\\\/\\\/tarihkursu.com\\\/\"},{\"@type\":\"ListItem\",\"position\":2,\"name\":\"DE\u011e\u0130\u015e\u0130M \u00c7A\u011eINDA AVRUPA VE OSMANLI SLAYT (2. B\u00d6L\u00dcM)\"}]},{\"@type\":\"WebSite\",\"@id\":\"https:\\\/\\\/tarihkursu.com\\\/#website\",\"url\":\"https:\\\/\\\/tarihkursu.com\\\/\",\"name\":\"Tarih Kursu\",\"description\":\"\u0130\u015fimiz G\u00fcc\u00fcm\u00fcz Tarih\",\"publisher\":{\"@id\":\"https:\\\/\\\/tarihkursu.com\\\/#\\\/schema\\\/person\\\/4d7bdc3b79e9f5198455474c0f203f3c\"},\"potentialAction\":[{\"@type\":\"SearchAction\",\"target\":{\"@type\":\"EntryPoint\",\"urlTemplate\":\"https:\\\/\\\/tarihkursu.com\\\/?s={search_term_string}\"},\"query-input\":{\"@type\":\"PropertyValueSpecification\",\"valueRequired\":true,\"valueName\":\"search_term_string\"}}],\"inLanguage\":\"tr\"},{\"@type\":[\"Person\",\"Organization\"],\"@id\":\"https:\\\/\\\/tarihkursu.com\\\/#\\\/schema\\\/person\\\/4d7bdc3b79e9f5198455474c0f203f3c\",\"name\":\"admin\",\"image\":{\"@type\":\"ImageObject\",\"inLanguage\":\"tr\",\"@id\":\"https:\\\/\\\/tarihkursu.com\\\/wp-content\\\/uploads\\\/2024\\\/10\\\/TARIHKURSU-Kopyasi.png\",\"url\":\"https:\\\/\\\/tarihkursu.com\\\/wp-content\\\/uploads\\\/2024\\\/10\\\/TARIHKURSU-Kopyasi.png\",\"contentUrl\":\"https:\\\/\\\/tarihkursu.com\\\/wp-content\\\/uploads\\\/2024\\\/10\\\/TARIHKURSU-Kopyasi.png\",\"width\":1080,\"height\":1080,\"caption\":\"admin\"},\"logo\":{\"@id\":\"https:\\\/\\\/tarihkursu.com\\\/wp-content\\\/uploads\\\/2024\\\/10\\\/TARIHKURSU-Kopyasi.png\"},\"sameAs\":[\"https:\\\/\\\/tarihkursu.com\"]},{\"@type\":\"Person\",\"@id\":\"https:\\\/\\\/tarihkursu.com\\\/#\\\/schema\\\/person\\\/d0f9105e31352dbe9f08d098ffb8c878\",\"name\":\"tarihkursu\",\"image\":{\"@type\":\"ImageObject\",\"inLanguage\":\"tr\",\"@id\":\"https:\\\/\\\/secure.gravatar.com\\\/avatar\\\/1354763acbc865faa7650c3e1e4431f187276d71f132349411302a546cdeae54?s=96&d=mm&r=g\",\"url\":\"https:\\\/\\\/secure.gravatar.com\\\/avatar\\\/1354763acbc865faa7650c3e1e4431f187276d71f132349411302a546cdeae54?s=96&d=mm&r=g\",\"contentUrl\":\"https:\\\/\\\/secure.gravatar.com\\\/avatar\\\/1354763acbc865faa7650c3e1e4431f187276d71f132349411302a546cdeae54?s=96&d=mm&r=g\",\"caption\":\"tarihkursu\"},\"url\":\"https:\\\/\\\/tarihkursu.com\\\/index.php\\\/author\\\/tarihkursu\\\/\"}]}<\/script>\n<!-- \/ Yoast SEO plugin. -->","yoast_head_json":{"title":"DE\u011e\u0130\u015e\u0130M \u00c7A\u011eINDA AVRUPA VE OSMANLI SLAYT (2. B\u00d6L\u00dcM) - tarihkursu.com","robots":{"index":"index","follow":"follow","max-snippet":"max-snippet:-1","max-image-preview":"max-image-preview:large","max-video-preview":"max-video-preview:-1"},"canonical":"https:\/\/tarihkursu.com\/index.php\/2018\/11\/04\/degisim-caginda-avrupa-ve-osmanli-slayt-2-bolum\/","og_locale":"tr_TR","og_type":"article","og_title":"DE\u011e\u0130\u015e\u0130M \u00c7A\u011eINDA AVRUPA VE OSMANLI SLAYT (2. B\u00d6L\u00dcM) - tarihkursu.com","og_description":"Bu sayfada sizler i\u00e7in haz\u0131rlad\u0131\u011f\u0131m\u0131z&nbsp;tarih konu anlat\u0131m slaytlar\u0131na&nbsp;yer verdik.Slaytlar yeni m\u00fcfredata uygun olarak haz\u0131rlanm\u0131\u015ft\u0131r.&nbsp;DE\u011e\u0130\u015e\u0130M \u00c7A\u011eINDA&nbsp;AVRUPA VE OSMANLI&nbsp;sunusu haz\u0131rlan\u0131rken yeni ders kitab\u0131ndan yararlan\u0131lm\u0131\u015ft\u0131r.&nbsp;Bu&nbsp;tarih sunular\u0131&nbsp;\u00f6\u011frenci&nbsp;arkada\u015flar\u0131m\u0131z\u0131 tarih derslerine [...]","og_url":"https:\/\/tarihkursu.com\/index.php\/2018\/11\/04\/degisim-caginda-avrupa-ve-osmanli-slayt-2-bolum\/","og_site_name":"tarihkursu.com","article_published_time":"2018-11-04T13:00:00+00:00","og_image":[{"url":"https:\/\/blogger.googleusercontent.com\/img\/b\/R29vZ2xl\/AVvXsEjw9Zsr2OwdXCrdFNFp5frVZFLcihDG5vZ_uqR1L1hzu8X0izzjKg_GqrhIjypRoVAzUFRMKEkElgGHgXWee4v7AWr_E6vS4KZHO1BlpHQSWS-rgChA1u3aFKmcrjp1wD3TxlsVKOI1WTU7\/s320\/DE%25C4%259E%25C4%25B0%25C5%259E%25C4%25B0M+%25C3%2587A%25C4%259EINDA++AVRUPA+ve+OSMANLI+.jpg","type":"","width":"","height":""}],"author":"tarihkursu","twitter_card":"summary_large_image","twitter_misc":{"Yazan:":"tarihkursu","Tahmini okuma s\u00fcresi":"1 dakika"},"schema":{"@context":"https:\/\/schema.org","@graph":[{"@type":"Article","@id":"https:\/\/tarihkursu.com\/index.php\/2018\/11\/04\/degisim-caginda-avrupa-ve-osmanli-slayt-2-bolum\/#article","isPartOf":{"@id":"https:\/\/tarihkursu.com\/index.php\/2018\/11\/04\/degisim-caginda-avrupa-ve-osmanli-slayt-2-bolum\/"},"author":{"name":"tarihkursu","@id":"https:\/\/tarihkursu.com\/#\/schema\/person\/d0f9105e31352dbe9f08d098ffb8c878"},"headline":"DE\u011e\u0130\u015e\u0130M \u00c7A\u011eINDA AVRUPA VE OSMANLI SLAYT (2. B\u00d6L\u00dcM)","datePublished":"2018-11-04T13:00:00+00:00","mainEntityOfPage":{"@id":"https:\/\/tarihkursu.com\/index.php\/2018\/11\/04\/degisim-caginda-avrupa-ve-osmanli-slayt-2-bolum\/"},"wordCount":249,"commentCount":1,"publisher":{"@id":"https:\/\/tarihkursu.com\/#\/schema\/person\/4d7bdc3b79e9f5198455474c0f203f3c"},"image":{"@id":"https:\/\/tarihkursu.com\/index.php\/2018\/11\/04\/degisim-caginda-avrupa-ve-osmanli-slayt-2-bolum\/#primaryimage"},"thumbnailUrl":"https:\/\/blogger.googleusercontent.com\/img\/b\/R29vZ2xl\/AVvXsEjw9Zsr2OwdXCrdFNFp5frVZFLcihDG5vZ_uqR1L1hzu8X0izzjKg_GqrhIjypRoVAzUFRMKEkElgGHgXWee4v7AWr_E6vS4KZHO1BlpHQSWS-rgChA1u3aFKmcrjp1wD3TxlsVKOI1WTU7\/s320\/DE%25C4%259E%25C4%25B0%25C5%259E%25C4%25B0M+%25C3%2587A%25C4%259EINDA++AVRUPA+ve+OSMANLI+.jpg","articleSection":["KONU ANLATIM SLAYTLARI"],"inLanguage":"tr","potentialAction":[{"@type":"CommentAction","name":"Comment","target":["https:\/\/tarihkursu.com\/index.php\/2018\/11\/04\/degisim-caginda-avrupa-ve-osmanli-slayt-2-bolum\/#respond"]}]},{"@type":"WebPage","@id":"https:\/\/tarihkursu.com\/index.php\/2018\/11\/04\/degisim-caginda-avrupa-ve-osmanli-slayt-2-bolum\/","url":"https:\/\/tarihkursu.com\/index.php\/2018\/11\/04\/degisim-caginda-avrupa-ve-osmanli-slayt-2-bolum\/","name":"DE\u011e\u0130\u015e\u0130M \u00c7A\u011eINDA AVRUPA VE OSMANLI SLAYT (2. B\u00d6L\u00dcM) - tarihkursu.com","isPartOf":{"@id":"https:\/\/tarihkursu.com\/#website"},"primaryImageOfPage":{"@id":"https:\/\/tarihkursu.com\/index.php\/2018\/11\/04\/degisim-caginda-avrupa-ve-osmanli-slayt-2-bolum\/#primaryimage"},"image":{"@id":"https:\/\/tarihkursu.com\/index.php\/2018\/11\/04\/degisim-caginda-avrupa-ve-osmanli-slayt-2-bolum\/#primaryimage"},"thumbnailUrl":"https:\/\/blogger.googleusercontent.com\/img\/b\/R29vZ2xl\/AVvXsEjw9Zsr2OwdXCrdFNFp5frVZFLcihDG5vZ_uqR1L1hzu8X0izzjKg_GqrhIjypRoVAzUFRMKEkElgGHgXWee4v7AWr_E6vS4KZHO1BlpHQSWS-rgChA1u3aFKmcrjp1wD3TxlsVKOI1WTU7\/s320\/DE%25C4%259E%25C4%25B0%25C5%259E%25C4%25B0M+%25C3%2587A%25C4%259EINDA++AVRUPA+ve+OSMANLI+.jpg","datePublished":"2018-11-04T13:00:00+00:00","breadcrumb":{"@id":"https:\/\/tarihkursu.com\/index.php\/2018\/11\/04\/degisim-caginda-avrupa-ve-osmanli-slayt-2-bolum\/#breadcrumb"},"inLanguage":"tr","potentialAction":[{"@type":"ReadAction","target":["https:\/\/tarihkursu.com\/index.php\/2018\/11\/04\/degisim-caginda-avrupa-ve-osmanli-slayt-2-bolum\/"]}]},{"@type":"ImageObject","inLanguage":"tr","@id":"https:\/\/tarihkursu.com\/index.php\/2018\/11\/04\/degisim-caginda-avrupa-ve-osmanli-slayt-2-bolum\/#primaryimage","url":"https:\/\/blogger.googleusercontent.com\/img\/b\/R29vZ2xl\/AVvXsEjw9Zsr2OwdXCrdFNFp5frVZFLcihDG5vZ_uqR1L1hzu8X0izzjKg_GqrhIjypRoVAzUFRMKEkElgGHgXWee4v7AWr_E6vS4KZHO1BlpHQSWS-rgChA1u3aFKmcrjp1wD3TxlsVKOI1WTU7\/s320\/DE%25C4%259E%25C4%25B0%25C5%259E%25C4%25B0M+%25C3%2587A%25C4%259EINDA++AVRUPA+ve+OSMANLI+.jpg","contentUrl":"https:\/\/blogger.googleusercontent.com\/img\/b\/R29vZ2xl\/AVvXsEjw9Zsr2OwdXCrdFNFp5frVZFLcihDG5vZ_uqR1L1hzu8X0izzjKg_GqrhIjypRoVAzUFRMKEkElgGHgXWee4v7AWr_E6vS4KZHO1BlpHQSWS-rgChA1u3aFKmcrjp1wD3TxlsVKOI1WTU7\/s320\/DE%25C4%259E%25C4%25B0%25C5%259E%25C4%25B0M+%25C3%2587A%25C4%259EINDA++AVRUPA+ve+OSMANLI+.jpg"},{"@type":"BreadcrumbList","@id":"https:\/\/tarihkursu.com\/index.php\/2018\/11\/04\/degisim-caginda-avrupa-ve-osmanli-slayt-2-bolum\/#breadcrumb","itemListElement":[{"@type":"ListItem","position":1,"name":"Anasayfa","item":"https:\/\/tarihkursu.com\/"},{"@type":"ListItem","position":2,"name":"DE\u011e\u0130\u015e\u0130M \u00c7A\u011eINDA AVRUPA VE OSMANLI SLAYT (2. B\u00d6L\u00dcM)"}]},{"@type":"WebSite","@id":"https:\/\/tarihkursu.com\/#website","url":"https:\/\/tarihkursu.com\/","name":"Tarih Kursu","description":"\u0130\u015fimiz G\u00fcc\u00fcm\u00fcz Tarih","publisher":{"@id":"https:\/\/tarihkursu.com\/#\/schema\/person\/4d7bdc3b79e9f5198455474c0f203f3c"},"potentialAction":[{"@type":"SearchAction","target":{"@type":"EntryPoint","urlTemplate":"https:\/\/tarihkursu.com\/?s={search_term_string}"},"query-input":{"@type":"PropertyValueSpecification","valueRequired":true,"valueName":"search_term_string"}}],"inLanguage":"tr"},{"@type":["Person","Organization"],"@id":"https:\/\/tarihkursu.com\/#\/schema\/person\/4d7bdc3b79e9f5198455474c0f203f3c","name":"admin","image":{"@type":"ImageObject","inLanguage":"tr","@id":"https:\/\/tarihkursu.com\/wp-content\/uploads\/2024\/10\/TARIHKURSU-Kopyasi.png","url":"https:\/\/tarihkursu.com\/wp-content\/uploads\/2024\/10\/TARIHKURSU-Kopyasi.png","contentUrl":"https:\/\/tarihkursu.com\/wp-content\/uploads\/2024\/10\/TARIHKURSU-Kopyasi.png","width":1080,"height":1080,"caption":"admin"},"logo":{"@id":"https:\/\/tarihkursu.com\/wp-content\/uploads\/2024\/10\/TARIHKURSU-Kopyasi.png"},"sameAs":["https:\/\/tarihkursu.com"]},{"@type":"Person","@id":"https:\/\/tarihkursu.com\/#\/schema\/person\/d0f9105e31352dbe9f08d098ffb8c878","name":"tarihkursu","image":{"@type":"ImageObject","inLanguage":"tr","@id":"https:\/\/secure.gravatar.com\/avatar\/1354763acbc865faa7650c3e1e4431f187276d71f132349411302a546cdeae54?s=96&d=mm&r=g","url":"https:\/\/secure.gravatar.com\/avatar\/1354763acbc865faa7650c3e1e4431f187276d71f132349411302a546cdeae54?s=96&d=mm&r=g","contentUrl":"https:\/\/secure.gravatar.com\/avatar\/1354763acbc865faa7650c3e1e4431f187276d71f132349411302a546cdeae54?s=96&d=mm&r=g","caption":"tarihkursu"},"url":"https:\/\/tarihkursu.com\/index.php\/author\/tarihkursu\/"}]}},"_links":{"self":[{"href":"https:\/\/tarihkursu.com\/index.php\/wp-json\/wp\/v2\/posts\/836","targetHints":{"allow":["GET"]}}],"collection":[{"href":"https:\/\/tarihkursu.com\/index.php\/wp-json\/wp\/v2\/posts"}],"about":[{"href":"https:\/\/tarihkursu.com\/index.php\/wp-json\/wp\/v2\/types\/post"}],"author":[{"embeddable":true,"href":"https:\/\/tarihkursu.com\/index.php\/wp-json\/wp\/v2\/users\/2"}],"replies":[{"embeddable":true,"href":"https:\/\/tarihkursu.com\/index.php\/wp-json\/wp\/v2\/comments?post=836"}],"version-history":[{"count":0,"href":"https:\/\/tarihkursu.com\/index.php\/wp-json\/wp\/v2\/posts\/836\/revisions"}],"wp:attachment":[{"href":"https:\/\/tarihkursu.com\/index.php\/wp-json\/wp\/v2\/media?parent=836"}],"wp:term":[{"taxonomy":"category","embeddable":true,"href":"https:\/\/tarihkursu.com\/index.php\/wp-json\/wp\/v2\/categories?post=836"},{"taxonomy":"post_tag","embeddable":true,"href":"https:\/\/tarihkursu.com\/index.php\/wp-json\/wp\/v2\/tags?post=836"}],"curies":[{"name":"wp","href":"https:\/\/api.w.org\/{rel}","templated":true}]}}