{"id":925,"date":"2017-08-18T17:35:00","date_gmt":"2017-08-18T14:35:00","guid":{"rendered":"https:\/\/tarihkursu.com\/index.php\/2017\/08\/18\/77-iran-irak-ve-korfez-savaslari-haritasi\/"},"modified":"2017-08-18T17:35:00","modified_gmt":"2017-08-18T14:35:00","slug":"77-iran-irak-ve-korfez-savaslari-haritasi","status":"publish","type":"post","link":"https:\/\/tarihkursu.com\/index.php\/2017\/08\/18\/77-iran-irak-ve-korfez-savaslari-haritasi\/","title":{"rendered":"77- \u0130ran \u2013 Irak ve K\u00f6rfez Sava\u015flar\u0131 Haritas\u0131"},"content":{"rendered":"<p><span style=\"font-size: large;\">\u0130ran \u2013 Irak ve K\u00f6rfez Sava\u015flar\u0131 Haritas\u0131<\/p>\n<p>Tarih derslerinde en \u00e7ok kullan\u0131lan materyallerin ba\u015f\u0131nda gelen haritalar, tarih \u00f6\u011fretimine g\u00f6rsel destek sa\u011flar. <\/span><br \/>\n<a name='more'><\/a><span style=\"font-size: large;\"><b>Tarih derslerinde harita kullan\u0131m\u0131 <\/b>\u00f6\u011frencinin tarihi olay\u0131n ger\u00e7ekle\u015fti\u011fi yere dair bilgiler edinmesini sa\u011flar. Haritalar sayesinde eski zamanlarda meydana gelen olaylar\u0131n hangi co\u011frafi \u015fartlar alt\u0131nda ger\u00e7ekle\u015fti\u011fini ve \u015fekillendi\u011fini kavrar\u0131z. Ayr\u0131ca haritalar tarihi konular\u0131n s\u0131n\u0131fland\u0131r\u0131lmas\u0131na katk\u0131 sa\u011flar.<br \/> Bu sayfada tarih derslerinde kullanabilece\u011finiz haritalara yer verdik. Bu haritalar\u0131 kullanarak tarih derslerini \u00e7ok daha iyi anlayacaks\u0131n\u0131z. \u00d6\u011fretmen arkada\u015flar\u0131m\u0131z konu anlat\u0131m\u0131nda bu haritalar\u0131 \u00e7ok rahat kullanabilirler.&nbsp;<\/span><\/p>\n<div>\n<span style=\"font-size: large;\"><br \/><\/span><\/div>\n<div>\n<div align=\"center\" style=\"margin-bottom: .0001pt; margin: 0cm; text-align: center;\">\n<b><i><u><span style=\"color: red; font-size: 16.0pt;\">Haritay\u0131<br \/>\nb\u00fcy\u00fctmek i\u00e7in HAR\u0130TAYA TIKLAYINIZ<o:p><\/o:p><\/span><\/u><\/i><\/b><\/div>\n<p><span style=\"font-size: large;\"><br \/><\/span><\/p>\n<div>\n<span style=\"font-size: large;\"><br \/><\/span><\/div>\n<div style=\"clear: both; text-align: center;\">\n<a href=\"https:\/\/blogger.googleusercontent.com\/img\/b\/R29vZ2xl\/AVvXsEiyaz6pfdbH6man9bYGHX769xMZ7lvXHaF6leXuwhdvQToru4tCGDBpcqaUb4ftnrve6CuZCdigwEgpQ6oK_bsLE1s4hpzliAM4Q_c_p9LPBy_4lePSkfK8HN0sKy0nVH4KPlrHmDG8IPvx\/s1600\/77-iran+-+%25C4%25B1rak+ve_korfez_savasi.jpg\" style=\"margin-left: 1em; margin-right: 1em;\"><img loading=\"lazy\" decoding=\"async\" border=\"0\" data-original-height=\"549\" data-original-width=\"800\" height=\"271\" src=\"https:\/\/blogger.googleusercontent.com\/img\/b\/R29vZ2xl\/AVvXsEiyaz6pfdbH6man9bYGHX769xMZ7lvXHaF6leXuwhdvQToru4tCGDBpcqaUb4ftnrve6CuZCdigwEgpQ6oK_bsLE1s4hpzliAM4Q_c_p9LPBy_4lePSkfK8HN0sKy0nVH4KPlrHmDG8IPvx\/s400\/77-iran+-+%25C4%25B1rak+ve_korfez_savasi.jpg\" width=\"400\" \/><\/a><\/div>\n<div>\n<span style=\"font-size: large;\"><br \/><\/span><\/div>\n<\/div>\n","protected":false},"excerpt":{"rendered":"<div class=\"mh-excerpt\"><p>\u0130ran \u2013 Irak ve K\u00f6rfez Sava\u015flar\u0131 Haritas\u0131 Tarih derslerinde en \u00e7ok kullan\u0131lan materyallerin ba\u015f\u0131nda gelen haritalar, tarih \u00f6\u011fretimine g\u00f6rsel destek sa\u011flar. Tarih derslerinde harita kullan\u0131m\u0131 <a class=\"mh-excerpt-more\" href=\"https:\/\/tarihkursu.com\/index.php\/2017\/08\/18\/77-iran-irak-ve-korfez-savaslari-haritasi\/\" title=\"77- \u0130ran \u2013 Irak ve K\u00f6rfez Sava\u015flar\u0131 Haritas\u0131\">[&#8230;]<\/a><\/p>\n<\/div>","protected":false},"author":2,"featured_media":0,"comment_status":"open","ping_status":"open","sticky":false,"template":"","format":"standard","meta":{"_regular_price":[],"currency_symbol":[],"footnotes":""},"categories":[67],"tags":[],"class_list":["post-925","post","type-post","status-publish","format-standard","hentry","category-haritalar"],"post_slider_layout_featured_media_urls":{"thumbnail":"","post_slider_layout_landscape_large":"","post_slider_layout_portrait_large":"","post_slider_layout_square_large":"","post_slider_layout_landscape":"","post_slider_layout_portrait":"","post_slider_layout_square":"","full":""},"yoast_head":"<!-- This site is optimized with the Yoast SEO plugin v27.5 - https:\/\/yoast.com\/product\/yoast-seo-wordpress\/ -->\n<title>77- \u0130ran \u2013 Irak ve K\u00f6rfez Sava\u015flar\u0131 Haritas\u0131 - tarihkursu.com<\/title>\n<meta name=\"robots\" content=\"index, follow, max-snippet:-1, max-image-preview:large, max-video-preview:-1\" \/>\n<link rel=\"canonical\" href=\"https:\/\/tarihkursu.com\/index.php\/2017\/08\/18\/77-iran-irak-ve-korfez-savaslari-haritasi\/\" \/>\n<meta property=\"og:locale\" content=\"tr_TR\" \/>\n<meta property=\"og:type\" content=\"article\" \/>\n<meta property=\"og:title\" content=\"77- \u0130ran \u2013 Irak ve K\u00f6rfez Sava\u015flar\u0131 Haritas\u0131 - tarihkursu.com\" \/>\n<meta property=\"og:description\" content=\"\u0130ran \u2013 Irak ve K\u00f6rfez Sava\u015flar\u0131 Haritas\u0131 Tarih derslerinde en \u00e7ok kullan\u0131lan materyallerin ba\u015f\u0131nda gelen haritalar, tarih \u00f6\u011fretimine g\u00f6rsel destek sa\u011flar. Tarih derslerinde harita kullan\u0131m\u0131 [...]\" \/>\n<meta property=\"og:url\" content=\"https:\/\/tarihkursu.com\/index.php\/2017\/08\/18\/77-iran-irak-ve-korfez-savaslari-haritasi\/\" \/>\n<meta property=\"og:site_name\" content=\"tarihkursu.com\" \/>\n<meta property=\"article:published_time\" content=\"2017-08-18T14:35:00+00:00\" \/>\n<meta property=\"og:image\" content=\"https:\/\/blogger.googleusercontent.com\/img\/b\/R29vZ2xl\/AVvXsEiyaz6pfdbH6man9bYGHX769xMZ7lvXHaF6leXuwhdvQToru4tCGDBpcqaUb4ftnrve6CuZCdigwEgpQ6oK_bsLE1s4hpzliAM4Q_c_p9LPBy_4lePSkfK8HN0sKy0nVH4KPlrHmDG8IPvx\/s400\/77-iran+-+%25C4%25B1rak+ve_korfez_savasi.jpg\" \/>\n<meta name=\"author\" content=\"tarihkursu\" \/>\n<meta name=\"twitter:card\" content=\"summary_large_image\" \/>\n<meta name=\"twitter:label1\" content=\"Yazan:\" \/>\n\t<meta name=\"twitter:data1\" content=\"tarihkursu\" \/>\n\t<meta name=\"twitter:label2\" content=\"Tahmini okuma s\u00fcresi\" \/>\n\t<meta name=\"twitter:data2\" content=\"1 dakika\" \/>\n<script type=\"application\/ld+json\" class=\"yoast-schema-graph\">{\"@context\":\"https:\\\/\\\/schema.org\",\"@graph\":[{\"@type\":\"Article\",\"@id\":\"https:\\\/\\\/tarihkursu.com\\\/index.php\\\/2017\\\/08\\\/18\\\/77-iran-irak-ve-korfez-savaslari-haritasi\\\/#article\",\"isPartOf\":{\"@id\":\"https:\\\/\\\/tarihkursu.com\\\/index.php\\\/2017\\\/08\\\/18\\\/77-iran-irak-ve-korfez-savaslari-haritasi\\\/\"},\"author\":{\"name\":\"tarihkursu\",\"@id\":\"https:\\\/\\\/tarihkursu.com\\\/#\\\/schema\\\/person\\\/d0f9105e31352dbe9f08d098ffb8c878\"},\"headline\":\"77- \u0130ran \u2013 Irak ve K\u00f6rfez Sava\u015flar\u0131 Haritas\u0131\",\"datePublished\":\"2017-08-18T14:35:00+00:00\",\"mainEntityOfPage\":{\"@id\":\"https:\\\/\\\/tarihkursu.com\\\/index.php\\\/2017\\\/08\\\/18\\\/77-iran-irak-ve-korfez-savaslari-haritasi\\\/\"},\"wordCount\":136,\"commentCount\":0,\"publisher\":{\"@id\":\"https:\\\/\\\/tarihkursu.com\\\/#\\\/schema\\\/person\\\/4d7bdc3b79e9f5198455474c0f203f3c\"},\"image\":{\"@id\":\"https:\\\/\\\/tarihkursu.com\\\/index.php\\\/2017\\\/08\\\/18\\\/77-iran-irak-ve-korfez-savaslari-haritasi\\\/#primaryimage\"},\"thumbnailUrl\":\"https:\\\/\\\/blogger.googleusercontent.com\\\/img\\\/b\\\/R29vZ2xl\\\/AVvXsEiyaz6pfdbH6man9bYGHX769xMZ7lvXHaF6leXuwhdvQToru4tCGDBpcqaUb4ftnrve6CuZCdigwEgpQ6oK_bsLE1s4hpzliAM4Q_c_p9LPBy_4lePSkfK8HN0sKy0nVH4KPlrHmDG8IPvx\\\/s400\\\/77-iran+-+%25C4%25B1rak+ve_korfez_savasi.jpg\",\"articleSection\":[\"HAR\u0130TALAR\"],\"inLanguage\":\"tr\",\"potentialAction\":[{\"@type\":\"CommentAction\",\"name\":\"Comment\",\"target\":[\"https:\\\/\\\/tarihkursu.com\\\/index.php\\\/2017\\\/08\\\/18\\\/77-iran-irak-ve-korfez-savaslari-haritasi\\\/#respond\"]}]},{\"@type\":\"WebPage\",\"@id\":\"https:\\\/\\\/tarihkursu.com\\\/index.php\\\/2017\\\/08\\\/18\\\/77-iran-irak-ve-korfez-savaslari-haritasi\\\/\",\"url\":\"https:\\\/\\\/tarihkursu.com\\\/index.php\\\/2017\\\/08\\\/18\\\/77-iran-irak-ve-korfez-savaslari-haritasi\\\/\",\"name\":\"77- \u0130ran \u2013 Irak ve K\u00f6rfez Sava\u015flar\u0131 Haritas\u0131 - tarihkursu.com\",\"isPartOf\":{\"@id\":\"https:\\\/\\\/tarihkursu.com\\\/#website\"},\"primaryImageOfPage\":{\"@id\":\"https:\\\/\\\/tarihkursu.com\\\/index.php\\\/2017\\\/08\\\/18\\\/77-iran-irak-ve-korfez-savaslari-haritasi\\\/#primaryimage\"},\"image\":{\"@id\":\"https:\\\/\\\/tarihkursu.com\\\/index.php\\\/2017\\\/08\\\/18\\\/77-iran-irak-ve-korfez-savaslari-haritasi\\\/#primaryimage\"},\"thumbnailUrl\":\"https:\\\/\\\/blogger.googleusercontent.com\\\/img\\\/b\\\/R29vZ2xl\\\/AVvXsEiyaz6pfdbH6man9bYGHX769xMZ7lvXHaF6leXuwhdvQToru4tCGDBpcqaUb4ftnrve6CuZCdigwEgpQ6oK_bsLE1s4hpzliAM4Q_c_p9LPBy_4lePSkfK8HN0sKy0nVH4KPlrHmDG8IPvx\\\/s400\\\/77-iran+-+%25C4%25B1rak+ve_korfez_savasi.jpg\",\"datePublished\":\"2017-08-18T14:35:00+00:00\",\"breadcrumb\":{\"@id\":\"https:\\\/\\\/tarihkursu.com\\\/index.php\\\/2017\\\/08\\\/18\\\/77-iran-irak-ve-korfez-savaslari-haritasi\\\/#breadcrumb\"},\"inLanguage\":\"tr\",\"potentialAction\":[{\"@type\":\"ReadAction\",\"target\":[\"https:\\\/\\\/tarihkursu.com\\\/index.php\\\/2017\\\/08\\\/18\\\/77-iran-irak-ve-korfez-savaslari-haritasi\\\/\"]}]},{\"@type\":\"ImageObject\",\"inLanguage\":\"tr\",\"@id\":\"https:\\\/\\\/tarihkursu.com\\\/index.php\\\/2017\\\/08\\\/18\\\/77-iran-irak-ve-korfez-savaslari-haritasi\\\/#primaryimage\",\"url\":\"https:\\\/\\\/blogger.googleusercontent.com\\\/img\\\/b\\\/R29vZ2xl\\\/AVvXsEiyaz6pfdbH6man9bYGHX769xMZ7lvXHaF6leXuwhdvQToru4tCGDBpcqaUb4ftnrve6CuZCdigwEgpQ6oK_bsLE1s4hpzliAM4Q_c_p9LPBy_4lePSkfK8HN0sKy0nVH4KPlrHmDG8IPvx\\\/s400\\\/77-iran+-+%25C4%25B1rak+ve_korfez_savasi.jpg\",\"contentUrl\":\"https:\\\/\\\/blogger.googleusercontent.com\\\/img\\\/b\\\/R29vZ2xl\\\/AVvXsEiyaz6pfdbH6man9bYGHX769xMZ7lvXHaF6leXuwhdvQToru4tCGDBpcqaUb4ftnrve6CuZCdigwEgpQ6oK_bsLE1s4hpzliAM4Q_c_p9LPBy_4lePSkfK8HN0sKy0nVH4KPlrHmDG8IPvx\\\/s400\\\/77-iran+-+%25C4%25B1rak+ve_korfez_savasi.jpg\"},{\"@type\":\"BreadcrumbList\",\"@id\":\"https:\\\/\\\/tarihkursu.com\\\/index.php\\\/2017\\\/08\\\/18\\\/77-iran-irak-ve-korfez-savaslari-haritasi\\\/#breadcrumb\",\"itemListElement\":[{\"@type\":\"ListItem\",\"position\":1,\"name\":\"Anasayfa\",\"item\":\"https:\\\/\\\/tarihkursu.com\\\/\"},{\"@type\":\"ListItem\",\"position\":2,\"name\":\"77- \u0130ran \u2013 Irak ve K\u00f6rfez Sava\u015flar\u0131 Haritas\u0131\"}]},{\"@type\":\"WebSite\",\"@id\":\"https:\\\/\\\/tarihkursu.com\\\/#website\",\"url\":\"https:\\\/\\\/tarihkursu.com\\\/\",\"name\":\"Tarih Kursu\",\"description\":\"\u0130\u015fimiz G\u00fcc\u00fcm\u00fcz Tarih\",\"publisher\":{\"@id\":\"https:\\\/\\\/tarihkursu.com\\\/#\\\/schema\\\/person\\\/4d7bdc3b79e9f5198455474c0f203f3c\"},\"potentialAction\":[{\"@type\":\"SearchAction\",\"target\":{\"@type\":\"EntryPoint\",\"urlTemplate\":\"https:\\\/\\\/tarihkursu.com\\\/?s={search_term_string}\"},\"query-input\":{\"@type\":\"PropertyValueSpecification\",\"valueRequired\":true,\"valueName\":\"search_term_string\"}}],\"inLanguage\":\"tr\"},{\"@type\":[\"Person\",\"Organization\"],\"@id\":\"https:\\\/\\\/tarihkursu.com\\\/#\\\/schema\\\/person\\\/4d7bdc3b79e9f5198455474c0f203f3c\",\"name\":\"admin\",\"image\":{\"@type\":\"ImageObject\",\"inLanguage\":\"tr\",\"@id\":\"https:\\\/\\\/tarihkursu.com\\\/wp-content\\\/uploads\\\/2024\\\/10\\\/TARIHKURSU-Kopyasi.png\",\"url\":\"https:\\\/\\\/tarihkursu.com\\\/wp-content\\\/uploads\\\/2024\\\/10\\\/TARIHKURSU-Kopyasi.png\",\"contentUrl\":\"https:\\\/\\\/tarihkursu.com\\\/wp-content\\\/uploads\\\/2024\\\/10\\\/TARIHKURSU-Kopyasi.png\",\"width\":1080,\"height\":1080,\"caption\":\"admin\"},\"logo\":{\"@id\":\"https:\\\/\\\/tarihkursu.com\\\/wp-content\\\/uploads\\\/2024\\\/10\\\/TARIHKURSU-Kopyasi.png\"},\"sameAs\":[\"https:\\\/\\\/tarihkursu.com\"]},{\"@type\":\"Person\",\"@id\":\"https:\\\/\\\/tarihkursu.com\\\/#\\\/schema\\\/person\\\/d0f9105e31352dbe9f08d098ffb8c878\",\"name\":\"tarihkursu\",\"image\":{\"@type\":\"ImageObject\",\"inLanguage\":\"tr\",\"@id\":\"https:\\\/\\\/secure.gravatar.com\\\/avatar\\\/1354763acbc865faa7650c3e1e4431f187276d71f132349411302a546cdeae54?s=96&d=mm&r=g\",\"url\":\"https:\\\/\\\/secure.gravatar.com\\\/avatar\\\/1354763acbc865faa7650c3e1e4431f187276d71f132349411302a546cdeae54?s=96&d=mm&r=g\",\"contentUrl\":\"https:\\\/\\\/secure.gravatar.com\\\/avatar\\\/1354763acbc865faa7650c3e1e4431f187276d71f132349411302a546cdeae54?s=96&d=mm&r=g\",\"caption\":\"tarihkursu\"},\"url\":\"https:\\\/\\\/tarihkursu.com\\\/index.php\\\/author\\\/tarihkursu\\\/\"}]}<\/script>\n<!-- \/ Yoast SEO plugin. -->","yoast_head_json":{"title":"77- \u0130ran \u2013 Irak ve K\u00f6rfez Sava\u015flar\u0131 Haritas\u0131 - tarihkursu.com","robots":{"index":"index","follow":"follow","max-snippet":"max-snippet:-1","max-image-preview":"max-image-preview:large","max-video-preview":"max-video-preview:-1"},"canonical":"https:\/\/tarihkursu.com\/index.php\/2017\/08\/18\/77-iran-irak-ve-korfez-savaslari-haritasi\/","og_locale":"tr_TR","og_type":"article","og_title":"77- \u0130ran \u2013 Irak ve K\u00f6rfez Sava\u015flar\u0131 Haritas\u0131 - tarihkursu.com","og_description":"\u0130ran \u2013 Irak ve K\u00f6rfez Sava\u015flar\u0131 Haritas\u0131 Tarih derslerinde en \u00e7ok kullan\u0131lan materyallerin ba\u015f\u0131nda gelen haritalar, tarih \u00f6\u011fretimine g\u00f6rsel destek sa\u011flar. Tarih derslerinde harita kullan\u0131m\u0131 [...]","og_url":"https:\/\/tarihkursu.com\/index.php\/2017\/08\/18\/77-iran-irak-ve-korfez-savaslari-haritasi\/","og_site_name":"tarihkursu.com","article_published_time":"2017-08-18T14:35:00+00:00","og_image":[{"url":"https:\/\/blogger.googleusercontent.com\/img\/b\/R29vZ2xl\/AVvXsEiyaz6pfdbH6man9bYGHX769xMZ7lvXHaF6leXuwhdvQToru4tCGDBpcqaUb4ftnrve6CuZCdigwEgpQ6oK_bsLE1s4hpzliAM4Q_c_p9LPBy_4lePSkfK8HN0sKy0nVH4KPlrHmDG8IPvx\/s400\/77-iran+-+%25C4%25B1rak+ve_korfez_savasi.jpg","type":"","width":"","height":""}],"author":"tarihkursu","twitter_card":"summary_large_image","twitter_misc":{"Yazan:":"tarihkursu","Tahmini okuma s\u00fcresi":"1 dakika"},"schema":{"@context":"https:\/\/schema.org","@graph":[{"@type":"Article","@id":"https:\/\/tarihkursu.com\/index.php\/2017\/08\/18\/77-iran-irak-ve-korfez-savaslari-haritasi\/#article","isPartOf":{"@id":"https:\/\/tarihkursu.com\/index.php\/2017\/08\/18\/77-iran-irak-ve-korfez-savaslari-haritasi\/"},"author":{"name":"tarihkursu","@id":"https:\/\/tarihkursu.com\/#\/schema\/person\/d0f9105e31352dbe9f08d098ffb8c878"},"headline":"77- \u0130ran \u2013 Irak ve K\u00f6rfez Sava\u015flar\u0131 Haritas\u0131","datePublished":"2017-08-18T14:35:00+00:00","mainEntityOfPage":{"@id":"https:\/\/tarihkursu.com\/index.php\/2017\/08\/18\/77-iran-irak-ve-korfez-savaslari-haritasi\/"},"wordCount":136,"commentCount":0,"publisher":{"@id":"https:\/\/tarihkursu.com\/#\/schema\/person\/4d7bdc3b79e9f5198455474c0f203f3c"},"image":{"@id":"https:\/\/tarihkursu.com\/index.php\/2017\/08\/18\/77-iran-irak-ve-korfez-savaslari-haritasi\/#primaryimage"},"thumbnailUrl":"https:\/\/blogger.googleusercontent.com\/img\/b\/R29vZ2xl\/AVvXsEiyaz6pfdbH6man9bYGHX769xMZ7lvXHaF6leXuwhdvQToru4tCGDBpcqaUb4ftnrve6CuZCdigwEgpQ6oK_bsLE1s4hpzliAM4Q_c_p9LPBy_4lePSkfK8HN0sKy0nVH4KPlrHmDG8IPvx\/s400\/77-iran+-+%25C4%25B1rak+ve_korfez_savasi.jpg","articleSection":["HAR\u0130TALAR"],"inLanguage":"tr","potentialAction":[{"@type":"CommentAction","name":"Comment","target":["https:\/\/tarihkursu.com\/index.php\/2017\/08\/18\/77-iran-irak-ve-korfez-savaslari-haritasi\/#respond"]}]},{"@type":"WebPage","@id":"https:\/\/tarihkursu.com\/index.php\/2017\/08\/18\/77-iran-irak-ve-korfez-savaslari-haritasi\/","url":"https:\/\/tarihkursu.com\/index.php\/2017\/08\/18\/77-iran-irak-ve-korfez-savaslari-haritasi\/","name":"77- \u0130ran \u2013 Irak ve K\u00f6rfez Sava\u015flar\u0131 Haritas\u0131 - tarihkursu.com","isPartOf":{"@id":"https:\/\/tarihkursu.com\/#website"},"primaryImageOfPage":{"@id":"https:\/\/tarihkursu.com\/index.php\/2017\/08\/18\/77-iran-irak-ve-korfez-savaslari-haritasi\/#primaryimage"},"image":{"@id":"https:\/\/tarihkursu.com\/index.php\/2017\/08\/18\/77-iran-irak-ve-korfez-savaslari-haritasi\/#primaryimage"},"thumbnailUrl":"https:\/\/blogger.googleusercontent.com\/img\/b\/R29vZ2xl\/AVvXsEiyaz6pfdbH6man9bYGHX769xMZ7lvXHaF6leXuwhdvQToru4tCGDBpcqaUb4ftnrve6CuZCdigwEgpQ6oK_bsLE1s4hpzliAM4Q_c_p9LPBy_4lePSkfK8HN0sKy0nVH4KPlrHmDG8IPvx\/s400\/77-iran+-+%25C4%25B1rak+ve_korfez_savasi.jpg","datePublished":"2017-08-18T14:35:00+00:00","breadcrumb":{"@id":"https:\/\/tarihkursu.com\/index.php\/2017\/08\/18\/77-iran-irak-ve-korfez-savaslari-haritasi\/#breadcrumb"},"inLanguage":"tr","potentialAction":[{"@type":"ReadAction","target":["https:\/\/tarihkursu.com\/index.php\/2017\/08\/18\/77-iran-irak-ve-korfez-savaslari-haritasi\/"]}]},{"@type":"ImageObject","inLanguage":"tr","@id":"https:\/\/tarihkursu.com\/index.php\/2017\/08\/18\/77-iran-irak-ve-korfez-savaslari-haritasi\/#primaryimage","url":"https:\/\/blogger.googleusercontent.com\/img\/b\/R29vZ2xl\/AVvXsEiyaz6pfdbH6man9bYGHX769xMZ7lvXHaF6leXuwhdvQToru4tCGDBpcqaUb4ftnrve6CuZCdigwEgpQ6oK_bsLE1s4hpzliAM4Q_c_p9LPBy_4lePSkfK8HN0sKy0nVH4KPlrHmDG8IPvx\/s400\/77-iran+-+%25C4%25B1rak+ve_korfez_savasi.jpg","contentUrl":"https:\/\/blogger.googleusercontent.com\/img\/b\/R29vZ2xl\/AVvXsEiyaz6pfdbH6man9bYGHX769xMZ7lvXHaF6leXuwhdvQToru4tCGDBpcqaUb4ftnrve6CuZCdigwEgpQ6oK_bsLE1s4hpzliAM4Q_c_p9LPBy_4lePSkfK8HN0sKy0nVH4KPlrHmDG8IPvx\/s400\/77-iran+-+%25C4%25B1rak+ve_korfez_savasi.jpg"},{"@type":"BreadcrumbList","@id":"https:\/\/tarihkursu.com\/index.php\/2017\/08\/18\/77-iran-irak-ve-korfez-savaslari-haritasi\/#breadcrumb","itemListElement":[{"@type":"ListItem","position":1,"name":"Anasayfa","item":"https:\/\/tarihkursu.com\/"},{"@type":"ListItem","position":2,"name":"77- \u0130ran \u2013 Irak ve K\u00f6rfez Sava\u015flar\u0131 Haritas\u0131"}]},{"@type":"WebSite","@id":"https:\/\/tarihkursu.com\/#website","url":"https:\/\/tarihkursu.com\/","name":"Tarih Kursu","description":"\u0130\u015fimiz G\u00fcc\u00fcm\u00fcz Tarih","publisher":{"@id":"https:\/\/tarihkursu.com\/#\/schema\/person\/4d7bdc3b79e9f5198455474c0f203f3c"},"potentialAction":[{"@type":"SearchAction","target":{"@type":"EntryPoint","urlTemplate":"https:\/\/tarihkursu.com\/?s={search_term_string}"},"query-input":{"@type":"PropertyValueSpecification","valueRequired":true,"valueName":"search_term_string"}}],"inLanguage":"tr"},{"@type":["Person","Organization"],"@id":"https:\/\/tarihkursu.com\/#\/schema\/person\/4d7bdc3b79e9f5198455474c0f203f3c","name":"admin","image":{"@type":"ImageObject","inLanguage":"tr","@id":"https:\/\/tarihkursu.com\/wp-content\/uploads\/2024\/10\/TARIHKURSU-Kopyasi.png","url":"https:\/\/tarihkursu.com\/wp-content\/uploads\/2024\/10\/TARIHKURSU-Kopyasi.png","contentUrl":"https:\/\/tarihkursu.com\/wp-content\/uploads\/2024\/10\/TARIHKURSU-Kopyasi.png","width":1080,"height":1080,"caption":"admin"},"logo":{"@id":"https:\/\/tarihkursu.com\/wp-content\/uploads\/2024\/10\/TARIHKURSU-Kopyasi.png"},"sameAs":["https:\/\/tarihkursu.com"]},{"@type":"Person","@id":"https:\/\/tarihkursu.com\/#\/schema\/person\/d0f9105e31352dbe9f08d098ffb8c878","name":"tarihkursu","image":{"@type":"ImageObject","inLanguage":"tr","@id":"https:\/\/secure.gravatar.com\/avatar\/1354763acbc865faa7650c3e1e4431f187276d71f132349411302a546cdeae54?s=96&d=mm&r=g","url":"https:\/\/secure.gravatar.com\/avatar\/1354763acbc865faa7650c3e1e4431f187276d71f132349411302a546cdeae54?s=96&d=mm&r=g","contentUrl":"https:\/\/secure.gravatar.com\/avatar\/1354763acbc865faa7650c3e1e4431f187276d71f132349411302a546cdeae54?s=96&d=mm&r=g","caption":"tarihkursu"},"url":"https:\/\/tarihkursu.com\/index.php\/author\/tarihkursu\/"}]}},"_links":{"self":[{"href":"https:\/\/tarihkursu.com\/index.php\/wp-json\/wp\/v2\/posts\/925","targetHints":{"allow":["GET"]}}],"collection":[{"href":"https:\/\/tarihkursu.com\/index.php\/wp-json\/wp\/v2\/posts"}],"about":[{"href":"https:\/\/tarihkursu.com\/index.php\/wp-json\/wp\/v2\/types\/post"}],"author":[{"embeddable":true,"href":"https:\/\/tarihkursu.com\/index.php\/wp-json\/wp\/v2\/users\/2"}],"replies":[{"embeddable":true,"href":"https:\/\/tarihkursu.com\/index.php\/wp-json\/wp\/v2\/comments?post=925"}],"version-history":[{"count":0,"href":"https:\/\/tarihkursu.com\/index.php\/wp-json\/wp\/v2\/posts\/925\/revisions"}],"wp:attachment":[{"href":"https:\/\/tarihkursu.com\/index.php\/wp-json\/wp\/v2\/media?parent=925"}],"wp:term":[{"taxonomy":"category","embeddable":true,"href":"https:\/\/tarihkursu.com\/index.php\/wp-json\/wp\/v2\/categories?post=925"},{"taxonomy":"post_tag","embeddable":true,"href":"https:\/\/tarihkursu.com\/index.php\/wp-json\/wp\/v2\/tags?post=925"}],"curies":[{"name":"wp","href":"https:\/\/api.w.org\/{rel}","templated":true}]}}